{"id":14175,"date":"2020-09-10T17:16:59","date_gmt":"2020-09-10T17:16:59","guid":{"rendered":"https:\/\/visionciudadana.com.mx\/prueba\/2020\/09\/10\/logran-alumnos-de-la-facultad-de-medicina-segundo-lugar-en-congreso-nacional-y-en-fase-internacional\/"},"modified":"2020-09-10T17:16:59","modified_gmt":"2020-09-10T17:16:59","slug":"logran-alumnos-de-la-facultad-de-medicina-segundo-lugar-en-congreso-nacional-y-en-fase-internacional","status":"publish","type":"post","link":"https:\/\/visionciudadana.com.mx\/oficial\/2020\/09\/10\/logran-alumnos-de-la-facultad-de-medicina-segundo-lugar-en-congreso-nacional-y-en-fase-internacional\/","title":{"rendered":"Logran alumnos de la facultad de medicina segundo lugar en congreso nacional y en fase internacional"},"content":{"rendered":"<p><img decoding=\"async\" style=\"display: block; margin-left: auto; margin-right: auto;\" src=\"images\/2020\/sept.20\/esc._medicina.PNG\" alt=\"esc. medicina\" \/><\/p>\n<p class=\"x_MsoNormal\" style=\"text-align: justify;\"><span style=\"font-size: 14pt; font-family: arial, helvetica, sans-serif;\">Alumnos de la Facultad de Medicina de la UAS lograron el segundo lugar nacional en el Primer Congreso Virtual SOMESICS 2020 \u201cTelesimulaci\u00f3n y regreso a actividades presenciales de simulaci\u00f3n\u201c,&nbsp; y por su desempe\u00f1o y capacidad el Comit\u00e9 Organizador les otorg\u00f3 un espacio en la competencia internacional.<\/span><\/p>\n<p style=\"text-align: justify;\">&nbsp;<\/p>\n<p class=\"x_MsoNormal\" style=\"text-align: justify;\"><span style=\"font-size: 14pt; font-family: arial, helvetica, sans-serif;\">El Rector Juan Eulogio Guerra Liera inform\u00f3 que este evento fue convocado por la Sociedad Mexicana de Simulaci\u00f3n en Ciencias de la Salud (SOMESICS) realizado del 2 al 5 de septiembre y donde se llev\u00f3 a cabo una competencia acad\u00e9mica denominada \u201cReto Paciente Virtual M\u00e9xico 2020\u201d en el que participaron estudiantes del \u00faltimo grado de Medicina General de universidades tanto p\u00fablicas como privadas, mientras que en la competencia internacional participaron equipos de Rusia, Estados Unidos, la India, Portugal y M\u00e9xico.<\/span><\/p>\n<p style=\"text-align: justify;\">&nbsp;<\/p>\n<p class=\"x_MsoNormal\" style=\"text-align: justify;\"><span style=\"font-size: 14pt; font-family: arial, helvetica, sans-serif;\">En la competencia nacional participaron 26 equipos, integrados cada uno por 3 o 4 estudiantes y un asesor, quienes representaron a 11 Instituciones de las cuales cinco fueron universidades p\u00fablicas, cinco universidades privadas y la Cruz Roja Mexicana.<\/span><\/p>\n<p style=\"text-align: justify;\">&nbsp;<\/p>\n<p class=\"x_MsoNormal\" style=\"text-align: justify;\"><span style=\"font-size: 14pt; font-family: arial, helvetica, sans-serif;\">Hubo cinco equipos de la UNAM, uno de la UANL, uno de la UAY, uno de la UdeG y tres de la UAS, mientras que por las universidades privadas participaron 11 equipos: dos de la Universidad La Salle, uno de la Universidad Quetzalc\u00f3atl de Irapuato, tres de la An\u00e1huac, uno de la Universidad Popular Aut\u00f3noma de Puebla y tres de la Cruz Roja.<\/span><\/p>\n<p style=\"text-align: justify;\">&nbsp;<\/p>\n<p class=\"x_MsoNormal\" style=\"text-align: justify;\"><span style=\"font-size: 14pt; font-family: arial, helvetica, sans-serif;\">Uno de los equipos de la Facultad de Medicina de la UAS lleg\u00f3 a la etapa final enfrent\u00e1ndose a la Universidad La Salle y quedaron en un honroso segundo lugar, pero debido a lo cerrado y al desempe\u00f1o de este equipo pasaron a la competencia internacional.<\/span><\/p>\n<p style=\"text-align: justify;\">&nbsp;<\/p>\n<p class=\"x_MsoNormal\" style=\"text-align: justify;\"><span style=\"font-size: 14pt; font-family: arial, helvetica, sans-serif;\">\u201cEste equipo que logr\u00f3 el segundo lugar nacional y tuvo excelente desempe\u00f1o en el certamen internacional est\u00e1 integrado por los siguientes estudiantes: Alberto Juvenal Castro Beltr\u00e1n, Ana Teresa Ferrer McGregor Armenta, Hugo Javier Sosa Ar\u00e1mbula, Dorely Valdez Dom\u00ednguez, y el asesor el doctor Alberto P\u00e1ez Salazar (\u2026) estos j\u00f3venes mostraron su talento, preparaci\u00f3n y entrega, ubicaron de manera muy digna a la Universidad en un certamen nacional gan\u00e1ndose, por el desempe\u00f1o, pasar al internacional teniendo un excelente trabajo y hoy esto nos pone en el plano nacional e internacional a la UAS gracias al trabajo de la Facultad de Medicina\u201d, resalt\u00f3 el Rector<\/span><\/p>\n<p style=\"text-align: justify;\">&nbsp;<\/p>\n<p style=\"text-align: justify;\"><span style=\"font-size: 14pt; font-family: arial, helvetica, sans-serif;\">REDACCI\u00d3N\/VISI\u00d3N CIUDADANA.<\/span><\/p>\n","protected":false},"excerpt":{"rendered":"<p>Alumnos de la Facultad de Medicina de la UAS lograron el segundo lugar nacional en el Primer Congreso Virtual SOMESICS 2020 \u201cTelesimulaci\u00f3n y regreso a actividades presenciales de simulaci\u00f3n\u201c,&nbsp; y por su desempe\u00f1o y capacidad el Comit\u00e9 Organizador les otorg\u00f3 un espacio en la competencia internacional. &nbsp; El Rector Juan Eulogio Guerra Liera inform\u00f3 que [&hellip;]<\/p>\n","protected":false},"author":1,"featured_media":5581,"comment_status":"open","ping_status":"closed","sticky":false,"template":"","format":"standard","meta":{"footnotes":""},"categories":[24],"tags":[],"ppma_author":[31],"class_list":["post-14175","post","type-post","status-publish","format-standard","has-post-thumbnail","hentry","category-relevantes"],"aioseo_notices":[],"authors":[{"term_id":31,"user_id":1,"is_guest":0,"slug":"ivan3vino","display_name":"Iv\u00e1n Trevi\u00f1o","avatar_url":{"url":"https:\/\/visionciudadana.com.mx\/oficial\/wp-content\/uploads\/2025\/09\/columna-ivan-Trevino.png","url2x":"https:\/\/visionciudadana.com.mx\/oficial\/wp-content\/uploads\/2025\/09\/columna-ivan-Trevino.png"},"0":null,"1":"","2":"","3":"","4":"","5":"","6":"","7":"","8":""}],"_links":{"self":[{"href":"https:\/\/visionciudadana.com.mx\/oficial\/wp-json\/wp\/v2\/posts\/14175","targetHints":{"allow":["GET"]}}],"collection":[{"href":"https:\/\/visionciudadana.com.mx\/oficial\/wp-json\/wp\/v2\/posts"}],"about":[{"href":"https:\/\/visionciudadana.com.mx\/oficial\/wp-json\/wp\/v2\/types\/post"}],"author":[{"embeddable":true,"href":"https:\/\/visionciudadana.com.mx\/oficial\/wp-json\/wp\/v2\/users\/1"}],"replies":[{"embeddable":true,"href":"https:\/\/visionciudadana.com.mx\/oficial\/wp-json\/wp\/v2\/comments?post=14175"}],"version-history":[{"count":0,"href":"https:\/\/visionciudadana.com.mx\/oficial\/wp-json\/wp\/v2\/posts\/14175\/revisions"}],"wp:featuredmedia":[{"embeddable":true,"href":"https:\/\/visionciudadana.com.mx\/oficial\/wp-json\/wp\/v2\/media\/5581"}],"wp:attachment":[{"href":"https:\/\/visionciudadana.com.mx\/oficial\/wp-json\/wp\/v2\/media?parent=14175"}],"wp:term":[{"taxonomy":"category","embeddable":true,"href":"https:\/\/visionciudadana.com.mx\/oficial\/wp-json\/wp\/v2\/categories?post=14175"},{"taxonomy":"post_tag","embeddable":true,"href":"https:\/\/visionciudadana.com.mx\/oficial\/wp-json\/wp\/v2\/tags?post=14175"},{"taxonomy":"author","embeddable":true,"href":"https:\/\/visionciudadana.com.mx\/oficial\/wp-json\/wp\/v2\/ppma_author?post=14175"}],"curies":[{"name":"wp","href":"https:\/\/api.w.org\/{rel}","templated":true}]}}