{"id":14173,"date":"2020-09-10T17:05:42","date_gmt":"2020-09-10T17:05:42","guid":{"rendered":"https:\/\/visionciudadana.com.mx\/prueba\/2020\/09\/10\/matrimonio-igualitario-no-debe-discutirse-debe-reconocerse-yeraldine-bonilla\/"},"modified":"2020-09-10T17:05:42","modified_gmt":"2020-09-10T17:05:42","slug":"matrimonio-igualitario-no-debe-discutirse-debe-reconocerse-yeraldine-bonilla","status":"publish","type":"post","link":"https:\/\/visionciudadana.com.mx\/oficial\/2020\/09\/10\/matrimonio-igualitario-no-debe-discutirse-debe-reconocerse-yeraldine-bonilla\/","title":{"rendered":"Matrimonio igualitario no debe discutirse, debe reconocerse: Yeraldine Bonilla"},"content":{"rendered":"<p><img decoding=\"async\" style=\"display: block; margin-left: auto; margin-right: auto;\" src=\"images\/2020\/sept.20\/yeraldine.PNG\" alt=\"yeraldine\" \/><\/p>\n<p style=\"text-align: justify;\"><span style=\"font-size: 14pt; font-family: arial, helvetica, sans-serif;\">Matrimonio igualitario no debe discutirse, debe reconocerse: Yeraldine Bonilla \u201cYa estamos enfadados de escuchar el mismo tema, ya no deber\u00edamos ni estar en estos di\u00e1logos, ya deber\u00edamos tener legislado en el Congreso del Estado desde tiempo atr\u00e1s y no en esta Legislatura\u201d, expres\u00f3 la diputada Yeraldine Bonilla Valverde. Ello, al presidir el foro virtual, Di\u00e1logos: La Juventud en el Congreso, en cuya primera fase realizada este mi\u00e9rcoles dialogaron j\u00f3venes representantes de los partidos MORENA, PRI, PRD y PVEM sobre el tema de \u201cmatrimonio igualitario\u201d.<\/span><\/p>\n<p style=\"text-align: justify;\">&nbsp;<\/p>\n<p style=\"text-align: justify;\"><span style=\"font-size: 14pt; font-family: arial, helvetica, sans-serif;\"> En su calidad de organizadora, la tambi\u00e9n presidenta de la Comisi\u00f3n de Juventud y del Deporte, lament\u00f3 la inasistencia de j\u00f3venes de otros partidos pol\u00edticos que tienen presencia en Sinaloa. <\/span><\/p>\n<p style=\"text-align: justify;\">&nbsp;<\/p>\n<p style=\"text-align: justify;\"><span style=\"font-size: 14pt; font-family: arial, helvetica, sans-serif;\">Ante la a\u00f1eja discusi\u00f3n que existe sobre si debe reconocerse jur\u00eddicamente en Sinaloa el \u201cmatrimonio igualitario\u201d, que es el matrimonio entre dos personas del mismo sexo, Bonilla Valverde asegur\u00f3 que la actual Legislatura ya ha subido este tema a discusi\u00f3n en tribuna. Tambi\u00e9n, agreg\u00f3, la 63 Legislatura ha tenido di\u00e1logos con personas interesadas en estos temas.<\/span><\/p>\n<p style=\"text-align: justify;\">&nbsp;<\/p>\n<p style=\"text-align: justify;\"><span style=\"font-size: 14pt; font-family: arial, helvetica, sans-serif;\"> \u201cNos interesa \u2013asegur\u00f3&#8211;que toda la sociedad tenga sus derechos, y no nada m\u00e1s la comunidad LGBT, sino que todos vivamos en armon\u00eda en Sinaloa\u201d. En este sentido asegur\u00f3 que el Congreso del Estado tambi\u00e9n es de los j\u00f3venes y debe tener a j\u00f3venes como representantes populares.<\/span><\/p>\n<p style=\"text-align: justify;\"><span style=\"font-size: 14pt; font-family: arial, helvetica, sans-serif;\"> \u201cNosotros los j\u00f3venes tenemos ideas frescas, ideas para innovar a Sinaloa en lo que le hace falta\u201d. <\/span><\/p>\n<p style=\"text-align: justify;\">&nbsp;<\/p>\n<p style=\"text-align: justify;\"><span style=\"font-size: 14pt; font-family: arial, helvetica, sans-serif;\">El Congreso del Estado, los j\u00f3venes y los ciudadanos somos libres de opinar y somos libres de hablar del tema que nosotros queramos\u201d, asegur\u00f3.<\/span><\/p>\n<p style=\"text-align: justify;\">&nbsp;<\/p>\n<p style=\"text-align: justify;\"><span style=\"font-size: 14pt; font-family: arial, helvetica, sans-serif;\">A los j\u00f3venes participantes en el di\u00e1logo sobre matrimonio igualitario, que tuvo lugar de manera presencial en el Sal\u00f3n Constituyentes de 1917 y que fue difundido por redes sociales, Yeraldine Bonilla les felicit\u00f3 por el debate de altura sostenido.<\/span><\/p>\n<p style=\"text-align: justify;\">&nbsp;<\/p>\n<p style=\"text-align: justify;\">&nbsp;<\/p>\n<p style=\"text-align: justify;\"><span style=\"font-size: 14pt; font-family: arial, helvetica, sans-serif;\">REDACCI\u00d3N\/VISI\u00d3N CIUDADANA.<\/span><\/p>\n","protected":false},"excerpt":{"rendered":"<p>Matrimonio igualitario no debe discutirse, debe reconocerse: Yeraldine Bonilla \u201cYa estamos enfadados de escuchar el mismo tema, ya no deber\u00edamos ni estar en estos di\u00e1logos, ya deber\u00edamos tener legislado en el Congreso del Estado desde tiempo atr\u00e1s y no en esta Legislatura\u201d, expres\u00f3 la diputada Yeraldine Bonilla Valverde. Ello, al presidir el foro virtual, Di\u00e1logos: [&hellip;]<\/p>\n","protected":false},"author":1,"featured_media":5577,"comment_status":"open","ping_status":"closed","sticky":false,"template":"","format":"standard","meta":{"footnotes":""},"categories":[24],"tags":[],"ppma_author":[31],"class_list":["post-14173","post","type-post","status-publish","format-standard","has-post-thumbnail","hentry","category-relevantes"],"aioseo_notices":[],"authors":[{"term_id":31,"user_id":1,"is_guest":0,"slug":"ivan3vino","display_name":"Iv\u00e1n Trevi\u00f1o","avatar_url":{"url":"https:\/\/visionciudadana.com.mx\/oficial\/wp-content\/uploads\/2025\/09\/columna-ivan-Trevino.png","url2x":"https:\/\/visionciudadana.com.mx\/oficial\/wp-content\/uploads\/2025\/09\/columna-ivan-Trevino.png"},"0":null,"1":"","2":"","3":"","4":"","5":"","6":"","7":"","8":""}],"_links":{"self":[{"href":"https:\/\/visionciudadana.com.mx\/oficial\/wp-json\/wp\/v2\/posts\/14173","targetHints":{"allow":["GET"]}}],"collection":[{"href":"https:\/\/visionciudadana.com.mx\/oficial\/wp-json\/wp\/v2\/posts"}],"about":[{"href":"https:\/\/visionciudadana.com.mx\/oficial\/wp-json\/wp\/v2\/types\/post"}],"author":[{"embeddable":true,"href":"https:\/\/visionciudadana.com.mx\/oficial\/wp-json\/wp\/v2\/users\/1"}],"replies":[{"embeddable":true,"href":"https:\/\/visionciudadana.com.mx\/oficial\/wp-json\/wp\/v2\/comments?post=14173"}],"version-history":[{"count":0,"href":"https:\/\/visionciudadana.com.mx\/oficial\/wp-json\/wp\/v2\/posts\/14173\/revisions"}],"wp:featuredmedia":[{"embeddable":true,"href":"https:\/\/visionciudadana.com.mx\/oficial\/wp-json\/wp\/v2\/media\/5577"}],"wp:attachment":[{"href":"https:\/\/visionciudadana.com.mx\/oficial\/wp-json\/wp\/v2\/media?parent=14173"}],"wp:term":[{"taxonomy":"category","embeddable":true,"href":"https:\/\/visionciudadana.com.mx\/oficial\/wp-json\/wp\/v2\/categories?post=14173"},{"taxonomy":"post_tag","embeddable":true,"href":"https:\/\/visionciudadana.com.mx\/oficial\/wp-json\/wp\/v2\/tags?post=14173"},{"taxonomy":"author","embeddable":true,"href":"https:\/\/visionciudadana.com.mx\/oficial\/wp-json\/wp\/v2\/ppma_author?post=14173"}],"curies":[{"name":"wp","href":"https:\/\/api.w.org\/{rel}","templated":true}]}}