{"id":14172,"date":"2020-09-10T16:58:10","date_gmt":"2020-09-10T16:58:10","guid":{"rendered":"https:\/\/visionciudadana.com.mx\/prueba\/2020\/09\/10\/matrimonio-igualitario-debe-reconocerse-en-sinaloa\/"},"modified":"2020-09-10T16:58:10","modified_gmt":"2020-09-10T16:58:10","slug":"matrimonio-igualitario-debe-reconocerse-en-sinaloa","status":"publish","type":"post","link":"https:\/\/visionciudadana.com.mx\/oficial\/2020\/09\/10\/matrimonio-igualitario-debe-reconocerse-en-sinaloa\/","title":{"rendered":"Matrimonio igualitario debe reconocerse en Sinaloa"},"content":{"rendered":"<p style=\"text-align: justify;\"><img decoding=\"async\" style=\"display: block; margin-left: auto; margin-right: auto;\" src=\"images\/2020\/sept.20\/juventud_congre.PNG\" alt=\"juventud congre\" \/><\/p>\n<p style=\"text-align: justify;\"><span style=\"font-size: 14pt; font-family: arial, helvetica, sans-serif;\">Matrimonio igualitario debe reconocerse en Sinaloa, coinciden j\u00f3venes J\u00f3venes representantes de los partidos MORENA, PRI, PRD y PVEM se pronunciaron por el reconocimiento jur\u00eddico de la uni\u00f3n de dos personas del mismo sexo y por el acatamiento de la jurisprudencia nacional que reconoce esta uni\u00f3n. <\/span><\/p>\n<p style=\"text-align: justify;\">&nbsp;<\/p>\n<p style=\"text-align: justify;\"><span style=\"font-size: 14pt; font-family: arial, helvetica, sans-serif;\">Los j\u00f3venes participaron en el programa \u201cDi\u00e1logos: La Juventud en el Congreso\u201d, que organiz\u00f3 la presidenta de la Comisi\u00f3n de Juventud y el Deporte, la diputada Yeraldine Bonilla Valverde, y en cuya primera fase se trat\u00f3 el tema de \u201cMatrimonio igualitario\u201d. <\/span><\/p>\n<p style=\"text-align: justify;\">&nbsp;<\/p>\n<p style=\"text-align: justify;\"><span style=\"font-size: 14pt; font-family: arial, helvetica, sans-serif;\">En el evento, que tuvo lugar en el Sal\u00f3n Constituyentes de 1917 este mi\u00e9rcoles, participaron el activista Guillermo Barraza y los representantes de MORENA, Cirilo Celis Acu\u00f1a; PRI, Gilberto Alexis Morales L\u00f3pez; PRD, Cristian Jeovanny Leyva, y PVEM, David Usiel T\u00f3rres G\u00f3mez. Guillermo Barraza, quien es activista por los derechos de la comunidad LGBT, se\u00f1al\u00f3 que por muchos a\u00f1os se ha minimizado a esta comunidad, y que apenas ahora se le empieza a reconocer.<\/span><\/p>\n<p style=\"text-align: justify;\">&nbsp;<\/p>\n<p style=\"text-align: justify;\"><span style=\"font-size: 14pt; font-family: arial, helvetica, sans-serif;\"> Puntualiz\u00f3 que la Suprema Corte de Justicia de la Naci\u00f3n ya orden\u00f3 que se legisle localmente sobre el matrimonio igualitario, y brind\u00f3 un reconocimiento a la 63 Legislatura de Sinaloa por mover este tema. <\/span><\/p>\n<p style=\"text-align: justify;\">&nbsp;<\/p>\n<p style=\"text-align: justify;\"><span style=\"font-size: 14pt; font-family: arial, helvetica, sans-serif;\">A los j\u00f3venes representantes de los partidos, se les formularon tres preguntas, las cuales las fueron respondiendo grupalmente en el orden que se les plantearon. Una pregunta fue la postura de su partido y la posici\u00f3n personal sobre el matrimonio igualitario, en donde los representantes de MORENA y PRD resaltaron que la postura partidista es totalmente a favor y que incluso es bandera desde a\u00f1os atr\u00e1s, adem\u00e1s de que coinciden con ello. Incluso coincidieron en que ya en m\u00e1s de la mitad del territorio nacional prevalece una postura a favor del matrimonio igualitario. <\/span><\/p>\n<p style=\"text-align: justify;\">&nbsp;<\/p>\n<p style=\"text-align: justify;\"><span style=\"font-size: 14pt; font-family: arial, helvetica, sans-serif;\">El representante del PVEM expuso que la postura de su partido, con la que coincid\u00eda en lo personal, era buscar una figura jur\u00eddica, diferente a la de matrimonio, para ubicar la uni\u00f3n de dos personas del mismo sexo. <\/span><\/p>\n<p style=\"text-align: justify;\"><span style=\"font-size: 14pt; font-family: arial, helvetica, sans-serif;\">El representante del PRI indic\u00f3 que su partido se opone al matrimonio igualitario, pero que en lo personal estaba a favor. La segunda pregunta fue sobre qu\u00e9 papel deben jugar los tres niveles de gobierno ante la jurisprudencia emitida por la Suprema Corte de Justicia de la Naci\u00f3n. <\/span><\/p>\n<p style=\"text-align: justify;\">&nbsp;<\/p>\n<p style=\"text-align: justify;\"><span style=\"font-size: 14pt; font-family: arial, helvetica, sans-serif;\">Los participantes coincidieron en que se debe acatar esa jurisprudencia, e incluso el representante del PRD resalt\u00f3 que aun cuando haya entidades federativas que en sus legislaciones no reconozcan el matrimonio igualitario, los afectados pueden hacerlo valor a trav\u00e9s de un amparo. Sin embargo, el representante del PRI consider\u00f3 que debe evitarse ese desgaste y legislarse en esas entidades federativas donde todav\u00eda no se reconoce el matrimonio igualitario. <\/span><\/p>\n<p style=\"text-align: justify;\">&nbsp;<\/p>\n<p style=\"text-align: justify;\"><span style=\"font-size: 14pt; font-family: arial, helvetica, sans-serif;\">La tercera y \u00faltima pregunta fue si Sinaloa est\u00e1 preparado para el matrimonio igualitario, y todos los participantes coincidieron en que se debe legislar para reconocerlo, e incluso el del puntualiz\u00f3 que no es cuesti\u00f3n de si est\u00e1 preparado o no, pues ya est\u00e1 obligado a reconocerlo. <\/span><\/p>\n<p style=\"text-align: justify;\">&nbsp;<\/p>\n<p style=\"text-align: justify;\"><span style=\"font-size: 14pt; font-family: arial, helvetica, sans-serif;\">El representante de MORENA expuso que de acuerdo a encuestas realizadas, el 60 por ciento de la poblaci\u00f3n est\u00e1 a favor del matrimonio igualitario, lo que indica que Sinaloa s\u00ed est\u00e1 preparado.<\/span><\/p>\n<p style=\"text-align: justify;\">&nbsp;<\/p>\n<p style=\"text-align: justify;\"><span style=\"font-size: 14pt; font-family: arial, helvetica, sans-serif;\">REDACCI\u00d3N\/VISI\u00d3N CIUDADANA.<\/span><\/p>\n","protected":false},"excerpt":{"rendered":"<p>Matrimonio igualitario debe reconocerse en Sinaloa, coinciden j\u00f3venes J\u00f3venes representantes de los partidos MORENA, PRI, PRD y PVEM se pronunciaron por el reconocimiento jur\u00eddico de la uni\u00f3n de dos personas del mismo sexo y por el acatamiento de la jurisprudencia nacional que reconoce esta uni\u00f3n. &nbsp; Los j\u00f3venes participaron en el programa \u201cDi\u00e1logos: La Juventud [&hellip;]<\/p>\n","protected":false},"author":1,"featured_media":5575,"comment_status":"open","ping_status":"closed","sticky":false,"template":"","format":"standard","meta":{"footnotes":""},"categories":[24],"tags":[],"ppma_author":[31],"class_list":["post-14172","post","type-post","status-publish","format-standard","has-post-thumbnail","hentry","category-relevantes"],"aioseo_notices":[],"authors":[{"term_id":31,"user_id":1,"is_guest":0,"slug":"ivan3vino","display_name":"Iv\u00e1n Trevi\u00f1o","avatar_url":{"url":"https:\/\/visionciudadana.com.mx\/oficial\/wp-content\/uploads\/2025\/09\/columna-ivan-Trevino.png","url2x":"https:\/\/visionciudadana.com.mx\/oficial\/wp-content\/uploads\/2025\/09\/columna-ivan-Trevino.png"},"0":null,"1":"","2":"","3":"","4":"","5":"","6":"","7":"","8":""}],"_links":{"self":[{"href":"https:\/\/visionciudadana.com.mx\/oficial\/wp-json\/wp\/v2\/posts\/14172","targetHints":{"allow":["GET"]}}],"collection":[{"href":"https:\/\/visionciudadana.com.mx\/oficial\/wp-json\/wp\/v2\/posts"}],"about":[{"href":"https:\/\/visionciudadana.com.mx\/oficial\/wp-json\/wp\/v2\/types\/post"}],"author":[{"embeddable":true,"href":"https:\/\/visionciudadana.com.mx\/oficial\/wp-json\/wp\/v2\/users\/1"}],"replies":[{"embeddable":true,"href":"https:\/\/visionciudadana.com.mx\/oficial\/wp-json\/wp\/v2\/comments?post=14172"}],"version-history":[{"count":0,"href":"https:\/\/visionciudadana.com.mx\/oficial\/wp-json\/wp\/v2\/posts\/14172\/revisions"}],"wp:featuredmedia":[{"embeddable":true,"href":"https:\/\/visionciudadana.com.mx\/oficial\/wp-json\/wp\/v2\/media\/5575"}],"wp:attachment":[{"href":"https:\/\/visionciudadana.com.mx\/oficial\/wp-json\/wp\/v2\/media?parent=14172"}],"wp:term":[{"taxonomy":"category","embeddable":true,"href":"https:\/\/visionciudadana.com.mx\/oficial\/wp-json\/wp\/v2\/categories?post=14172"},{"taxonomy":"post_tag","embeddable":true,"href":"https:\/\/visionciudadana.com.mx\/oficial\/wp-json\/wp\/v2\/tags?post=14172"},{"taxonomy":"author","embeddable":true,"href":"https:\/\/visionciudadana.com.mx\/oficial\/wp-json\/wp\/v2\/ppma_author?post=14172"}],"curies":[{"name":"wp","href":"https:\/\/api.w.org\/{rel}","templated":true}]}}