{"id":14158,"date":"2020-09-08T23:28:46","date_gmt":"2020-09-08T23:28:46","guid":{"rendered":"https:\/\/visionciudadana.com.mx\/prueba\/2020\/09\/08\/navolato-conmemorara-la-municipalizacion-y-el-grito-de-independencia-con-representantes-de-la-sociedad\/"},"modified":"2020-09-08T23:28:46","modified_gmt":"2020-09-08T23:28:46","slug":"navolato-conmemorara-la-municipalizacion-y-el-grito-de-independencia-con-representantes-de-la-sociedad","status":"publish","type":"post","link":"https:\/\/visionciudadana.com.mx\/oficial\/2020\/09\/08\/navolato-conmemorara-la-municipalizacion-y-el-grito-de-independencia-con-representantes-de-la-sociedad\/","title":{"rendered":"Navolato conmemorar\u00e1 la municipalizaci\u00f3n y el Grito de Independencia con representantes de la sociedad"},"content":{"rendered":"<p><img decoding=\"async\" style=\"display: block; margin-left: auto; margin-right: auto;\" src=\"images\/2020\/sept.20\/navolato_independencia.PNG\" alt=\"navolato independencia\" \/><\/p>\n<p style=\"text-align: justify;\"><span style=\"font-size: 14pt; font-family: arial, helvetica, sans-serif;\">El presidente municipal de Navolato, Eliazar Guti\u00e9rrez Angulo, encabezar\u00e1 la ceremonia para conmemorar el 38 Aniversario de la Municipalizaci\u00f3n de Navolato y del 210 Aniversario del Grito de Independencia de M\u00e9xico el pr\u00f3ximo 15 de septiembre, durante un acto simb\u00f3lico pero de mucha importancia por la trascendencia hist\u00f3rica, pol\u00edtica y social para la vida de las familias navolatenses, en el cual habr\u00e1 restricci\u00f3n en el ingreso, y estar\u00e1n los representantes de todos los sectores de la sociedad.<\/span><\/p>\n<p style=\"text-align: justify;\">\n<p><span style=\"font-size: 14pt; font-family: arial, helvetica, sans-serif;\">El secretario del Ayuntamiento, Jes\u00fas \u00c1ngel Re\u00e1tiga Garc\u00eda, inform\u00f3 que este importante evento se llevar\u00e1 a cabo a partir de las 19:30 horas en el patio central del Palacio Municipal, y ser\u00e1 transmitido en vivo a trav\u00e9s de la cuenta oficial de Facebook (H. Ayuntamiento de Navolato), para que todo el pueblo pueda presenciarlo y ser testigo paso a paso del desarrollo de estas tradicionales ceremonias.<\/span><\/p>\n<p style=\"text-align: justify;\">\n<p><span style=\"font-size: 14pt; font-family: arial, helvetica, sans-serif;\">Para garantizar la seguridad y los protocolos de las medidas preventivas emitidas por las autoridades de Salud durante la emergencia sanitaria del COVID-19, dio a conocer el funcionario municipal, se tiene programada la asistencia de 55 personas, y con ello poder cumplir con la sana distancia en la colocaci\u00f3n de las sillas durante el evento, as\u00ed como tambi\u00e9n, el personal de la Coordinaci\u00f3n Municipal de Salud estar\u00e1 tomando la temperatura, sanitizando y aplicando gel antibacterial a la entrada del edificio.<\/span><\/p>\n<p style=\"text-align: justify;\"><span style=\"font-size: 14pt; font-family: arial, helvetica, sans-serif;\">Dijo que este evento ser\u00e1 diferente a todos los anteriores, y se llevar\u00e1 a cabo con un nuevo formato en el cual se fusionar\u00e1n ambas ceremonias en un solo acto, con la lectura del decreto de la municipalizaci\u00f3n, el acta de la independencia de M\u00e9xico y el Grito de Independencia, en la cual se incluir\u00e1 tambi\u00e9n a los h\u00e9roes que lucharon y lograron la municipalizaci\u00f3n de Navolato.<\/span><\/p>\n<p style=\"text-align: justify;\">\n<p><span style=\"font-size: 14pt; font-family: arial, helvetica, sans-serif;\">Re\u00e1tiga Garc\u00eda explic\u00f3 que la pandemia por el coronavirus provoc\u00f3 cambios muy dr\u00e1sticos en la sociedad, y es por ello que pidi\u00f3 la comprensi\u00f3n y el apoyo de la ciudadan\u00eda porque actualmente no existen condiciones para realizar un evento masivo, pero debido a la importancia de ambas ceremonias, se realizar\u00e1n en una sola, con pocos asistentes y procurando que sea a m\u00e1s tardar en media hora.<\/span><\/p>\n<p style=\"text-align: justify;\">&nbsp;<\/p>\n<p style=\"text-align: justify;\">&nbsp;<\/p>\n<p style=\"text-align: justify;\"><span style=\"font-size: 14pt; font-family: arial, helvetica, sans-serif;\">REDACCI\u00d3N\/VISI\u00d3N CIUDADANA.<\/span><\/p>\n","protected":false},"excerpt":{"rendered":"<p>El presidente municipal de Navolato, Eliazar Guti\u00e9rrez Angulo, encabezar\u00e1 la ceremonia para conmemorar el 38 Aniversario de la Municipalizaci\u00f3n de Navolato y del 210 Aniversario del Grito de Independencia de M\u00e9xico el pr\u00f3ximo 15 de septiembre, durante un acto simb\u00f3lico pero de mucha importancia por la trascendencia hist\u00f3rica, pol\u00edtica y social para la vida de [&hellip;]<\/p>\n","protected":false},"author":1,"featured_media":5558,"comment_status":"open","ping_status":"closed","sticky":false,"template":"","format":"standard","meta":{"footnotes":""},"categories":[24],"tags":[],"ppma_author":[31],"class_list":["post-14158","post","type-post","status-publish","format-standard","has-post-thumbnail","hentry","category-relevantes"],"aioseo_notices":[],"authors":[{"term_id":31,"user_id":1,"is_guest":0,"slug":"ivan3vino","display_name":"Iv\u00e1n Trevi\u00f1o","avatar_url":{"url":"https:\/\/visionciudadana.com.mx\/oficial\/wp-content\/uploads\/2025\/09\/columna-ivan-Trevino.png","url2x":"https:\/\/visionciudadana.com.mx\/oficial\/wp-content\/uploads\/2025\/09\/columna-ivan-Trevino.png"},"0":null,"1":"","2":"","3":"","4":"","5":"","6":"","7":"","8":""}],"_links":{"self":[{"href":"https:\/\/visionciudadana.com.mx\/oficial\/wp-json\/wp\/v2\/posts\/14158","targetHints":{"allow":["GET"]}}],"collection":[{"href":"https:\/\/visionciudadana.com.mx\/oficial\/wp-json\/wp\/v2\/posts"}],"about":[{"href":"https:\/\/visionciudadana.com.mx\/oficial\/wp-json\/wp\/v2\/types\/post"}],"author":[{"embeddable":true,"href":"https:\/\/visionciudadana.com.mx\/oficial\/wp-json\/wp\/v2\/users\/1"}],"replies":[{"embeddable":true,"href":"https:\/\/visionciudadana.com.mx\/oficial\/wp-json\/wp\/v2\/comments?post=14158"}],"version-history":[{"count":0,"href":"https:\/\/visionciudadana.com.mx\/oficial\/wp-json\/wp\/v2\/posts\/14158\/revisions"}],"wp:featuredmedia":[{"embeddable":true,"href":"https:\/\/visionciudadana.com.mx\/oficial\/wp-json\/wp\/v2\/media\/5558"}],"wp:attachment":[{"href":"https:\/\/visionciudadana.com.mx\/oficial\/wp-json\/wp\/v2\/media?parent=14158"}],"wp:term":[{"taxonomy":"category","embeddable":true,"href":"https:\/\/visionciudadana.com.mx\/oficial\/wp-json\/wp\/v2\/categories?post=14158"},{"taxonomy":"post_tag","embeddable":true,"href":"https:\/\/visionciudadana.com.mx\/oficial\/wp-json\/wp\/v2\/tags?post=14158"},{"taxonomy":"author","embeddable":true,"href":"https:\/\/visionciudadana.com.mx\/oficial\/wp-json\/wp\/v2\/ppma_author?post=14158"}],"curies":[{"name":"wp","href":"https:\/\/api.w.org\/{rel}","templated":true}]}}