{"id":14157,"date":"2020-09-08T23:08:00","date_gmt":"2020-09-08T23:08:00","guid":{"rendered":"https:\/\/visionciudadana.com.mx\/prueba\/2020\/09\/08\/proponen-diputadas-y-diputadas-del-pri-iniciativa-para-mejorar-la-transparencia-en-sinaloa\/"},"modified":"2020-09-08T23:08:00","modified_gmt":"2020-09-08T23:08:00","slug":"proponen-diputadas-y-diputadas-del-pri-iniciativa-para-mejorar-la-transparencia-en-sinaloa","status":"publish","type":"post","link":"https:\/\/visionciudadana.com.mx\/oficial\/2020\/09\/08\/proponen-diputadas-y-diputadas-del-pri-iniciativa-para-mejorar-la-transparencia-en-sinaloa\/","title":{"rendered":"Proponen diputadas y diputadas del PRI iniciativa para mejorar la transparencia en Sinaloa"},"content":{"rendered":"<p style=\"text-align: justify;\"><img decoding=\"async\" style=\"display: block; margin-left: auto; margin-right: auto;\" src=\"images\/2020\/sept.20\/DIp._congre.PNG\" alt=\"DIp. congre\" \/><\/p>\n<p style=\"text-align: justify;\"><span style=\"font-size: 14pt; font-family: arial, helvetica, sans-serif;\">El Grupo Parlamentario del PRI en el Congreso present\u00f3 iniciativa de reforma a la Ley de Transparencia y Acceso a la Informaci\u00f3n P\u00fablica del Estado de Sinaloa, con el fin de modificar el art\u00edculo 98, para incorporar que todas las sentencias emitidas por los \u00f3rganos jurisdiccionales se pongan a disposici\u00f3n del p\u00fablico en general.<\/span><\/p>\n<p style=\"text-align: justify;\">&nbsp;<\/p>\n<p class=\"x_MsoNormal\" style=\"text-align: justify;\"><span style=\"font-size: 14pt; font-family: arial, helvetica, sans-serif;\">As\u00ed lo se\u00f1alo durante su posicionamiento en la Diputaci\u00f3n Permanente v\u00eda Zoom, la legisladora local pri\u00edsta Ana Cecilia Moreno Romero, quien dijo que \u201cEstamos planteando la necesidad de homologar la legislaci\u00f3n estatal con la legislaci\u00f3n federal, para evitar las discrepancias. Actualmente, la Ley de Transparencia y Acceso a la Informaci\u00f3n P\u00fablica del Estado de Sinaloa, establece el derecho de acceso a la informaci\u00f3n p\u00fablica \u00fanicamente de aquellas sentencias consideradas relevantes o de inter\u00e9s p\u00fablico\u201d.<\/span><\/p>\n<p style=\"text-align: justify;\">&nbsp;<\/p>\n<p class=\"x_MsoNormal\" style=\"text-align: justify;\"><span style=\"font-size: 14pt; font-family: arial, helvetica, sans-serif;\">Ana Cecilia Moreno, preciso que s\u00f3lo se hace p\u00fablica una parte de las sentencias emitidas, por lo que consider\u00f3 que el Grupo Parlamentario del Partido Revolucionario Institucional propone modificar la Ley de Transparencia y Acceso a la Informaci\u00f3n P\u00fablica del Estado, para que jur\u00eddicamente se reconozca que los sinaloenses tengan el derecho de acceso a todas las sentencias que emitan los \u00f3rganos jurisdiccionales.<\/span><\/p>\n<p style=\"text-align: justify;\">&nbsp;<\/p>\n<p class=\"x_MsoNormal\" style=\"text-align: justify;\"><span style=\"font-size: 14pt; font-family: arial, helvetica, sans-serif;\">Pero adem\u00e1s de eso, Moreno Romero enfatiz\u00f3 que \u201cAl garantizar el acceso a esta informaci\u00f3n, tambi\u00e9n podremos generar indicadores de desempe\u00f1o, y tendremos la posibilidad de realizar evaluaciones objetivas para mejorar el funcionamiento de los \u00f3rganos jurisdiccionales\u201d.<\/span><\/p>\n<p style=\"text-align: justify;\">&nbsp;<\/p>\n<p class=\"x_MsoNormal\" style=\"text-align: justify;\"><span style=\"font-size: 14pt; font-family: arial, helvetica, sans-serif;\">Con esta reforma, las y los diputados del PRI piden que se avance en la cultura de la transparencia para respaldar el progreso de Sinaloa, el mejoramiento de la democracia y lograr con ello una mayor participaci\u00f3n ciudadana.<\/span><\/p>\n<p style=\"text-align: justify;\">&nbsp;<\/p>\n<p style=\"text-align: justify;\">&nbsp;<\/p>\n<p style=\"text-align: justify;\"><span style=\"font-size: 14pt; font-family: arial, helvetica, sans-serif;\">REDACCI\u00d3N\/VISI\u00d3N CIUDADANA.<\/span><\/p>\n","protected":false},"excerpt":{"rendered":"<p>El Grupo Parlamentario del PRI en el Congreso present\u00f3 iniciativa de reforma a la Ley de Transparencia y Acceso a la Informaci\u00f3n P\u00fablica del Estado de Sinaloa, con el fin de modificar el art\u00edculo 98, para incorporar que todas las sentencias emitidas por los \u00f3rganos jurisdiccionales se pongan a disposici\u00f3n del p\u00fablico en general. &nbsp; [&hellip;]<\/p>\n","protected":false},"author":1,"featured_media":5556,"comment_status":"open","ping_status":"closed","sticky":false,"template":"","format":"standard","meta":{"footnotes":""},"categories":[24],"tags":[],"ppma_author":[31],"class_list":["post-14157","post","type-post","status-publish","format-standard","has-post-thumbnail","hentry","category-relevantes"],"aioseo_notices":[],"authors":[{"term_id":31,"user_id":1,"is_guest":0,"slug":"ivan3vino","display_name":"Iv\u00e1n Trevi\u00f1o","avatar_url":{"url":"https:\/\/visionciudadana.com.mx\/oficial\/wp-content\/uploads\/2025\/09\/columna-ivan-Trevino.png","url2x":"https:\/\/visionciudadana.com.mx\/oficial\/wp-content\/uploads\/2025\/09\/columna-ivan-Trevino.png"},"0":null,"1":"","2":"","3":"","4":"","5":"","6":"","7":"","8":""}],"_links":{"self":[{"href":"https:\/\/visionciudadana.com.mx\/oficial\/wp-json\/wp\/v2\/posts\/14157","targetHints":{"allow":["GET"]}}],"collection":[{"href":"https:\/\/visionciudadana.com.mx\/oficial\/wp-json\/wp\/v2\/posts"}],"about":[{"href":"https:\/\/visionciudadana.com.mx\/oficial\/wp-json\/wp\/v2\/types\/post"}],"author":[{"embeddable":true,"href":"https:\/\/visionciudadana.com.mx\/oficial\/wp-json\/wp\/v2\/users\/1"}],"replies":[{"embeddable":true,"href":"https:\/\/visionciudadana.com.mx\/oficial\/wp-json\/wp\/v2\/comments?post=14157"}],"version-history":[{"count":0,"href":"https:\/\/visionciudadana.com.mx\/oficial\/wp-json\/wp\/v2\/posts\/14157\/revisions"}],"wp:featuredmedia":[{"embeddable":true,"href":"https:\/\/visionciudadana.com.mx\/oficial\/wp-json\/wp\/v2\/media\/5556"}],"wp:attachment":[{"href":"https:\/\/visionciudadana.com.mx\/oficial\/wp-json\/wp\/v2\/media?parent=14157"}],"wp:term":[{"taxonomy":"category","embeddable":true,"href":"https:\/\/visionciudadana.com.mx\/oficial\/wp-json\/wp\/v2\/categories?post=14157"},{"taxonomy":"post_tag","embeddable":true,"href":"https:\/\/visionciudadana.com.mx\/oficial\/wp-json\/wp\/v2\/tags?post=14157"},{"taxonomy":"author","embeddable":true,"href":"https:\/\/visionciudadana.com.mx\/oficial\/wp-json\/wp\/v2\/ppma_author?post=14157"}],"curies":[{"name":"wp","href":"https:\/\/api.w.org\/{rel}","templated":true}]}}