{"id":14156,"date":"2020-09-08T22:50:26","date_gmt":"2020-09-08T22:50:26","guid":{"rendered":"https:\/\/visionciudadana.com.mx\/prueba\/2020\/09\/08\/urgente-fecha-unica-para-captura-de-camaron-en-sur-de-sonora-y-norte-de-sinaloa\/"},"modified":"2020-09-08T22:50:26","modified_gmt":"2020-09-08T22:50:26","slug":"urgente-fecha-unica-para-captura-de-camaron-en-sur-de-sonora-y-norte-de-sinaloa","status":"publish","type":"post","link":"https:\/\/visionciudadana.com.mx\/oficial\/2020\/09\/08\/urgente-fecha-unica-para-captura-de-camaron-en-sur-de-sonora-y-norte-de-sinaloa\/","title":{"rendered":"Urgente fecha \u00fanica para captura de camar\u00f3n en sur de Sonora y norte de Sinaloa"},"content":{"rendered":"<p><img decoding=\"async\" style=\"display: block; margin-left: auto; margin-right: auto;\" src=\"images\/2020\/sept.20\/congrezs.PNG\" alt=\"congrezs\" \/><\/p>\n<p style=\"text-align: justify;\"><span style=\"font-size: 14pt; font-family: arial, helvetica, sans-serif;\">Ante el desfase de fechas para el inicio de la pesca de camar\u00f3n en el norte de Sinaloa y sur de Sonora, el diputado Edgar Gonz\u00e1lez exhort\u00f3 a la Comisi\u00f3n Nacional de Pesca y al gobernador del Estado, a tomar cartas en el asunto y resolver favorablemente con una fecha \u00fanica, a fin de evitar serios conflictos que se pudieran derivar de esta decisi\u00f3n.<\/span><\/p>\n<p style=\"text-align: justify;\">&nbsp;<\/p>\n<p style=\"text-align: justify;\"><span style=\"font-size: 14pt; font-family: arial, helvetica, sans-serif;\">Ante el pleno del Congreso del Estado, el diputado presidente de la Comisi\u00f3n de Pesca, expuso en un posicionamiento y exhorto, lo delicado de la situaci\u00f3n vigente, toda vez que el Comit\u00e9 T\u00e9cnico de Conapesca acord\u00f3 levantar la veda para el camar\u00f3n el d\u00eda 14 de septiembre para las cooperativas del sur de Sonora y para el d\u00eda 26 en el norte de Sinaloa.<\/span><\/p>\n<p style=\"text-align: justify;\">&nbsp;<\/p>\n<p style=\"text-align: justify;\"><span style=\"font-size: 14pt; font-family: arial, helvetica, sans-serif;\">Lo incongruencia, se\u00f1al\u00f3, es que ambos estados comparten geogr\u00e1ficamente la misma ubicaci\u00f3n en el Mar de Cort\u00e9s, lo cual puede derivar en un conflicto y desorden para los miles de pescadores de estas bah\u00edas.<\/span><\/p>\n<p style=\"text-align: justify;\">&nbsp;<\/p>\n<p style=\"text-align: justify;\"><span style=\"font-size: 14pt; font-family: arial, helvetica, sans-serif;\">Gonz\u00e1lez Zatarain demand\u00f3 una inmediata intervenci\u00f3n tanto del gobernador Quirino Ordaz como del comisionado de Conapesca, Ra\u00fal Elenes ante la indiferencia que han mostrado en este conflicto en donde ya se han dado bloqueos de carreteras y saqueos indiscriminados de camar\u00f3n en aguas interiores y zonas de pesca.<\/span><\/p>\n<p style=\"text-align: justify;\">&nbsp;<\/p>\n<p style=\"text-align: justify;\"><span style=\"font-size: 14pt; font-family: arial, helvetica, sans-serif;\">El diputado local cit\u00f3 que el d\u00eda de ayer sostuvo una reuni\u00f3n con pescadores en la zona norte del Estado, en donde directamente le expusieron tal situaci\u00f3n, adem\u00e1s de hacerle entrega de documentos que ya fueron dirigidos con oportunidad a autoridades del Instituto Nacional de Pesca y al propio Presidente de la Rep\u00fablica, pidiendo una soluci\u00f3n a esta situaci\u00f3n, sin que hasta el momento haya una respuesta, a sus planteamientos.<\/span><\/p>\n<p style=\"text-align: justify;\">&nbsp;<\/p>\n<p style=\"text-align: justify;\">&nbsp;<\/p>\n<p style=\"text-align: justify;\"><span style=\"font-size: 14pt; font-family: arial, helvetica, sans-serif;\">REDACCI\u00d3N\/VISI\u00d3N CIUDADANA.<\/span><\/p>\n","protected":false},"excerpt":{"rendered":"<p>Ante el desfase de fechas para el inicio de la pesca de camar\u00f3n en el norte de Sinaloa y sur de Sonora, el diputado Edgar Gonz\u00e1lez exhort\u00f3 a la Comisi\u00f3n Nacional de Pesca y al gobernador del Estado, a tomar cartas en el asunto y resolver favorablemente con una fecha \u00fanica, a fin de evitar [&hellip;]<\/p>\n","protected":false},"author":1,"featured_media":5554,"comment_status":"open","ping_status":"closed","sticky":false,"template":"","format":"standard","meta":{"footnotes":""},"categories":[24],"tags":[],"ppma_author":[31],"class_list":["post-14156","post","type-post","status-publish","format-standard","has-post-thumbnail","hentry","category-relevantes"],"aioseo_notices":[],"authors":[{"term_id":31,"user_id":1,"is_guest":0,"slug":"ivan3vino","display_name":"Iv\u00e1n Trevi\u00f1o","avatar_url":{"url":"https:\/\/visionciudadana.com.mx\/oficial\/wp-content\/uploads\/2025\/09\/columna-ivan-Trevino.png","url2x":"https:\/\/visionciudadana.com.mx\/oficial\/wp-content\/uploads\/2025\/09\/columna-ivan-Trevino.png"},"0":null,"1":"","2":"","3":"","4":"","5":"","6":"","7":"","8":""}],"_links":{"self":[{"href":"https:\/\/visionciudadana.com.mx\/oficial\/wp-json\/wp\/v2\/posts\/14156","targetHints":{"allow":["GET"]}}],"collection":[{"href":"https:\/\/visionciudadana.com.mx\/oficial\/wp-json\/wp\/v2\/posts"}],"about":[{"href":"https:\/\/visionciudadana.com.mx\/oficial\/wp-json\/wp\/v2\/types\/post"}],"author":[{"embeddable":true,"href":"https:\/\/visionciudadana.com.mx\/oficial\/wp-json\/wp\/v2\/users\/1"}],"replies":[{"embeddable":true,"href":"https:\/\/visionciudadana.com.mx\/oficial\/wp-json\/wp\/v2\/comments?post=14156"}],"version-history":[{"count":0,"href":"https:\/\/visionciudadana.com.mx\/oficial\/wp-json\/wp\/v2\/posts\/14156\/revisions"}],"wp:featuredmedia":[{"embeddable":true,"href":"https:\/\/visionciudadana.com.mx\/oficial\/wp-json\/wp\/v2\/posts\/5554"}],"wp:attachment":[{"href":"https:\/\/visionciudadana.com.mx\/oficial\/wp-json\/wp\/v2\/media?parent=14156"}],"wp:term":[{"taxonomy":"category","embeddable":true,"href":"https:\/\/visionciudadana.com.mx\/oficial\/wp-json\/wp\/v2\/categories?post=14156"},{"taxonomy":"post_tag","embeddable":true,"href":"https:\/\/visionciudadana.com.mx\/oficial\/wp-json\/wp\/v2\/tags?post=14156"},{"taxonomy":"author","embeddable":true,"href":"https:\/\/visionciudadana.com.mx\/oficial\/wp-json\/wp\/v2\/ppma_author?post=14156"}],"curies":[{"name":"wp","href":"https:\/\/api.w.org\/{rel}","templated":true}]}}