{"id":14155,"date":"2020-09-08T22:45:22","date_gmt":"2020-09-08T22:45:22","guid":{"rendered":"https:\/\/visionciudadana.com.mx\/prueba\/2020\/09\/08\/jovenes-de-imef-universitarios-uas-se-suman-a-la-agenda-sustentable-de-sinaloa\/"},"modified":"2020-09-08T22:45:22","modified_gmt":"2020-09-08T22:45:22","slug":"jovenes-de-imef-universitarios-uas-se-suman-a-la-agenda-sustentable-de-sinaloa","status":"publish","type":"post","link":"https:\/\/visionciudadana.com.mx\/oficial\/2020\/09\/08\/jovenes-de-imef-universitarios-uas-se-suman-a-la-agenda-sustentable-de-sinaloa\/","title":{"rendered":"J\u00f3venes de IMEF Universitarios-UAS se suman a la agenda Sustentable de Sinaloa"},"content":{"rendered":"<p><img decoding=\"async\" style=\"display: block; margin-left: auto; margin-right: auto;\" src=\"images\/2020\/sept.20\/plas_y_resi.PNG\" alt=\"plas y resi\" \/><\/p>\n<p class=\"x_gmail-xmsonormal\" style=\"text-align: justify;\"><span style=\"font-size: 14pt; font-family: arial, helvetica, sans-serif;\">J\u00f3venes integrantes del Instituto Mexicano de Ejecutivos de Finanzas (IMEF) cap\u00edtulo Universitario UAS, se pronunciaron por participar activamente en la Agenda Sustentable de Sinaloa a trav\u00e9s de la educaci\u00f3n ambiental y el fomento al reciclaje.<\/span><\/p>\n<p style=\"text-align: justify;\">&nbsp;<\/p>\n<p class=\"x_gmail-xmsonormal\" style=\"text-align: justify;\"><span style=\"font-size: 14pt; font-family: arial, helvetica, sans-serif;\">En una charla v\u00eda la plataforma Meet de Google, los universitarios coincidieron que la mejor manera de hacer frente al cambio clim\u00e1tico es sumar esfuerzos desde todos los \u00e1mbitos de la sociedad reduciendo la generaci\u00f3n de basura, disminuyendo los pl\u00e1sticos de un solo uso y cuidando el agua.<\/span><\/p>\n<p style=\"text-align: justify;\">&nbsp;<\/p>\n<p class=\"x_gmail-xmsonormal\" style=\"text-align: justify;\"><span style=\"font-size: 14pt; font-family: arial, helvetica, sans-serif;\">El secretario de Desarrollo Sustentable, Carlos Gandarilla Garc\u00eda, reconoci\u00f3 el inter\u00e9s de la juventud de ser factores de cambio y los llam\u00f3 a impulsar h\u00e1bitos amigables con el ambiente desde sus hogares e instituciones educativas \u00abhoy m\u00e1s que nunca pueden marcar la diferencia para garantizar recursos naturales a las futuras generaciones\u00bb.<\/span><\/p>\n<p style=\"text-align: justify;\">&nbsp;<\/p>\n<p class=\"x_gmail-xmsonormal\" style=\"text-align: justify;\"><span style=\"font-size: 14pt; font-family: arial, helvetica, sans-serif;\">Indic\u00f3 que la visi\u00f3n del gobierno Quirino Ordaz Coppel es consolidar a Sinaloa como un modelo nacional en materia de desarrollo sustentable con la colaboraci\u00f3n de los sectores p\u00fablico y privado donde nadie se quede atr\u00e1s, tal y como lo establece la Agenda 2030 de la Organizaci\u00f3n de Naciones Unidas.<\/span><\/p>\n<p style=\"text-align: justify;\">&nbsp;<\/p>\n<p class=\"x_gmail-xmsonormal\" style=\"text-align: justify;\"><span style=\"font-size: 14pt; font-family: arial, helvetica, sans-serif;\">Marisol Anah\u00ed Ram\u00edrez Aguilar, directora Responsabilidad Social de la UAS &#8211; IMEF Universitarios, refrend\u00f3 el compromiso de los j\u00f3venes de trabajar para tener un mejor planeta y agradeci\u00f3 al titular de la SEDESU por atender las inquietudes de los participantes en los temas ambientales.<\/span><\/p>\n<p style=\"text-align: justify;\">&nbsp;<\/p>\n<p style=\"text-align: justify;\">&nbsp;<\/p>\n<p style=\"text-align: justify;\"><span style=\"font-size: 14pt; font-family: arial, helvetica, sans-serif;\">REDACCI\u00d3N\/VISI\u00d3N CIUDADANA.<\/span><\/p>\n","protected":false},"excerpt":{"rendered":"<p>J\u00f3venes integrantes del Instituto Mexicano de Ejecutivos de Finanzas (IMEF) cap\u00edtulo Universitario UAS, se pronunciaron por participar activamente en la Agenda Sustentable de Sinaloa a trav\u00e9s de la educaci\u00f3n ambiental y el fomento al reciclaje. &nbsp; En una charla v\u00eda la plataforma Meet de Google, los universitarios coincidieron que la mejor manera de hacer frente [&hellip;]<\/p>\n","protected":false},"author":1,"featured_media":5552,"comment_status":"open","ping_status":"closed","sticky":false,"template":"","format":"standard","meta":{"footnotes":""},"categories":[24],"tags":[],"ppma_author":[31],"class_list":["post-14155","post","type-post","status-publish","format-standard","has-post-thumbnail","hentry","category-relevantes"],"aioseo_notices":[],"authors":[{"term_id":31,"user_id":1,"is_guest":0,"slug":"ivan3vino","display_name":"Iv\u00e1n Trevi\u00f1o","avatar_url":{"url":"https:\/\/visionciudadana.com.mx\/oficial\/wp-content\/uploads\/2025\/09\/columna-ivan-Trevino.png","url2x":"https:\/\/visionciudadana.com.mx\/oficial\/wp-content\/uploads\/2025\/09\/columna-ivan-Trevino.png"},"0":null,"1":"","2":"","3":"","4":"","5":"","6":"","7":"","8":""}],"_links":{"self":[{"href":"https:\/\/visionciudadana.com.mx\/oficial\/wp-json\/wp\/v2\/posts\/14155","targetHints":{"allow":["GET"]}}],"collection":[{"href":"https:\/\/visionciudadana.com.mx\/oficial\/wp-json\/wp\/v2\/posts"}],"about":[{"href":"https:\/\/visionciudadana.com.mx\/oficial\/wp-json\/wp\/v2\/types\/post"}],"author":[{"embeddable":true,"href":"https:\/\/visionciudadana.com.mx\/oficial\/wp-json\/wp\/v2\/users\/1"}],"replies":[{"embeddable":true,"href":"https:\/\/visionciudadana.com.mx\/oficial\/wp-json\/wp\/v2\/comments?post=14155"}],"version-history":[{"count":0,"href":"https:\/\/visionciudadana.com.mx\/oficial\/wp-json\/wp\/v2\/posts\/14155\/revisions"}],"wp:featuredmedia":[{"embeddable":true,"href":"https:\/\/visionciudadana.com.mx\/oficial\/wp-json\/wp\/v2\/posts\/5552"}],"wp:attachment":[{"href":"https:\/\/visionciudadana.com.mx\/oficial\/wp-json\/wp\/v2\/media?parent=14155"}],"wp:term":[{"taxonomy":"category","embeddable":true,"href":"https:\/\/visionciudadana.com.mx\/oficial\/wp-json\/wp\/v2\/categories?post=14155"},{"taxonomy":"post_tag","embeddable":true,"href":"https:\/\/visionciudadana.com.mx\/oficial\/wp-json\/wp\/v2\/tags?post=14155"},{"taxonomy":"author","embeddable":true,"href":"https:\/\/visionciudadana.com.mx\/oficial\/wp-json\/wp\/v2\/ppma_author?post=14155"}],"curies":[{"name":"wp","href":"https:\/\/api.w.org\/{rel}","templated":true}]}}