{"id":13939,"date":"2020-08-10T23:26:49","date_gmt":"2020-08-10T23:26:49","guid":{"rendered":"https:\/\/visionciudadana.com.mx\/prueba\/2020\/08\/10\/emite-cedh-pronunciamiento-a-autoridades-sobre-mitigacion-del-covid\/"},"modified":"2020-08-10T23:26:49","modified_gmt":"2020-08-10T23:26:49","slug":"emite-cedh-pronunciamiento-a-autoridades-sobre-mitigacion-del-covid","status":"publish","type":"post","link":"https:\/\/visionciudadana.com.mx\/oficial\/2020\/08\/10\/emite-cedh-pronunciamiento-a-autoridades-sobre-mitigacion-del-covid\/","title":{"rendered":"Emite CEDH pronunciamiento a autoridades sobre mitigaci\u00f3n del COVID"},"content":{"rendered":"<p style=\"text-align: justify;\"><img decoding=\"async\" style=\"display: block; margin-left: auto; margin-right: auto;\" src=\"images\/2020\/agosto20\/cedh_llama.PNG\" alt=\"cedh llama\" \/><\/p>\n<p class=\"x_MsoNormal\" style=\"text-align: justify;\"><span style=\"font-size: 14pt; font-family: arial, helvetica, sans-serif;\">El Estado de Derecho es una condicionante para la vigencia y el respeto de los derechos humanos. Bajo esa premisa, la Comisi\u00f3n Estatal de los Derechos Humanos hace un llamado urgente a la autoridades de Sinaloa, para que todas las acciones y medidas sanitarias y de otra \u00edndole, decretadas para proteger la salud de la poblaci\u00f3n y para mitigar o contener la propagaci\u00f3n &nbsp;generada por el virus SARS-CoV2 (COVID-19), se realicen dentro del marco del derecho a la legalidad y seguridad jur\u00eddica reconocidos en los art\u00edculos 14 y 16 de la Constituci\u00f3n Pol\u00edtica de los Estados Unidos Mexicanos, y con estricta observancia a los derechos humanos reconocidos en la Constituci\u00f3n y en los tratados internacionales incorporados al orden jur\u00eddico mexicano.&nbsp;<\/span><\/p>\n<p style=\"text-align: justify;\">&nbsp;<\/p>\n<p class=\"x_MsoNormal\" style=\"text-align: justify;\"><span style=\"font-size: 14pt; font-family: arial, helvetica, sans-serif;\">Al respecto, es preciso se\u00f1alar, que, de acuerdo al marco constitucional, las disposiciones generales del Consejo de Salubridad General son obligatorias en el pa\u00eds. Asimismo, es importante resaltar que de acuerdo al art\u00edculo 4\u00b0 de la Ley General de Salud, las autoridades sanitarias del pa\u00eds son el Presidente de la Rep\u00fablica; el Consejo de Salubridad General; la Secretar\u00eda de Salud, y los Gobiernos de las entidades federativas.&nbsp;<\/span><\/p>\n<p style=\"text-align: justify;\">&nbsp;<\/p>\n<p class=\"x_MsoNormal\" style=\"text-align: justify;\"><span style=\"font-size: 14pt; font-family: arial, helvetica, sans-serif;\">Por su parte, los municipios cuentan con autonom\u00eda pol\u00edtica y administrativa para emitir disposiciones de car\u00e1cter administrativo de observancia general dentro de su jurisdicci\u00f3n, siempre y cuando no sean facultades reservadas a la federaci\u00f3n o al estado y que no contravengan disposiciones constitucionales, por lo qu\u00e9 en el contexto de la emergencia sanitaria act\u00faan como entidades de apoyo y colaboraci\u00f3n con las autoridades sanitarias.<\/span><\/p>\n<p style=\"text-align: justify;\">&nbsp;<\/p>\n<p class=\"x_MsoNormal\" style=\"text-align: justify;\"><span style=\"font-size: 14pt; font-family: arial, helvetica, sans-serif;\">Por lo tanto, todas aquellas pol\u00edticas y medidas que sean implementadas para prevenir, mitigar, contener y atender la presente contingencia sanitaria, deben estar fundadas y motivadas en el marco constitucional y legal, y ser acordes a las decisiones tomadas por las autoridades sanitarias, mismas que deber\u00e1n aplicarse con estricto apego y respeto a los derechos humanos. De igual forma, deber\u00e1n ser difundidas con oportunidad y claridad para que la poblaci\u00f3n tenga conocimiento de las mismas, est\u00e9 enterada del lugar donde se aplicar\u00e1n y de su vigencia.<\/span><\/p>\n<p style=\"text-align: justify;\">&nbsp;<\/p>\n<p class=\"x_MsoNormal\" style=\"text-align: justify;\"><span style=\"font-size: 14pt; font-family: arial, helvetica, sans-serif;\">Esta Comisi\u00f3n Estatal, como \u00f3rgano protector y garante de los derechos humanos, se encuentra atenta y vigilante para que la actuaci\u00f3n de las autoridades estatales y de los dieciocho municipios de la entidad, en el contexto de la emergencia sanitaria, sea apegada a la obligaci\u00f3n constitucional de promover, respetar, proteger y garantizar los derechos humanos de conformidad con los principios de universalidad, interdependencia, indivisibilidad y progresividad.<\/span><\/p>\n<p style=\"text-align: justify;\">&nbsp;<\/p>\n<p class=\"x_MsoNormal\" style=\"text-align: justify;\"><span style=\"font-size: 14pt; font-family: arial, helvetica, sans-serif;\">Finalmente, esta Comisi\u00f3n Estatal de los Derechos Humanos de Sinaloa hace un atento y respetuoso llamado a toda la poblaci\u00f3n en general, para acatar y cumplir con las medidas decretadas por las autoridades competentes, toda vez que la observancia de dichas medidas contribuye a mitigar y contener la propagaci\u00f3n generada por el virus SARS-CoV2 (COVID-19) y, &nbsp;en consecuencia, a proteger la salud, la integridad y la vida de la poblaci\u00f3n, al mismo tiempo que gradualmente se vayan reactivando las actividades sociales y econ\u00f3micas en nuestro estado.<\/span><\/p>\n<p style=\"text-align: justify;\">&nbsp;<\/p>\n<p style=\"text-align: justify;\">&nbsp;<\/p>\n<p style=\"text-align: justify;\"><span style=\"font-size: 14pt; font-family: arial, helvetica, sans-serif;\">REDACCI\u00d3N\/VISION CIUDADANA.<\/span><\/p>\n","protected":false},"excerpt":{"rendered":"<p>El Estado de Derecho es una condicionante para la vigencia y el respeto de los derechos humanos. Bajo esa premisa, la Comisi\u00f3n Estatal de los Derechos Humanos hace un llamado urgente a la autoridades de Sinaloa, para que todas las acciones y medidas sanitarias y de otra \u00edndole, decretadas para proteger la salud de la [&hellip;]<\/p>\n","protected":false},"author":1,"featured_media":5202,"comment_status":"open","ping_status":"closed","sticky":false,"template":"","format":"standard","meta":{"footnotes":""},"categories":[24],"tags":[],"ppma_author":[31],"class_list":["post-13939","post","type-post","status-publish","format-standard","has-post-thumbnail","hentry","category-relevantes"],"aioseo_notices":[],"authors":[{"term_id":31,"user_id":1,"is_guest":0,"slug":"ivan3vino","display_name":"Iv\u00e1n Trevi\u00f1o","avatar_url":{"url":"https:\/\/visionciudadana.com.mx\/oficial\/wp-content\/uploads\/2025\/09\/columna-ivan-Trevino.png","url2x":"https:\/\/visionciudadana.com.mx\/oficial\/wp-content\/uploads\/2025\/09\/columna-ivan-Trevino.png"},"0":null,"1":"","2":"","3":"","4":"","5":"","6":"","7":"","8":""}],"_links":{"self":[{"href":"https:\/\/visionciudadana.com.mx\/oficial\/wp-json\/wp\/v2\/posts\/13939","targetHints":{"allow":["GET"]}}],"collection":[{"href":"https:\/\/visionciudadana.com.mx\/oficial\/wp-json\/wp\/v2\/posts"}],"about":[{"href":"https:\/\/visionciudadana.com.mx\/oficial\/wp-json\/wp\/v2\/types\/post"}],"author":[{"embeddable":true,"href":"https:\/\/visionciudadana.com.mx\/oficial\/wp-json\/wp\/v2\/users\/1"}],"replies":[{"embeddable":true,"href":"https:\/\/visionciudadana.com.mx\/oficial\/wp-json\/wp\/v2\/comments?post=13939"}],"version-history":[{"count":0,"href":"https:\/\/visionciudadana.com.mx\/oficial\/wp-json\/wp\/v2\/posts\/13939\/revisions"}],"wp:featuredmedia":[{"embeddable":true,"href":"https:\/\/visionciudadana.com.mx\/oficial\/wp-json\/wp\/v2\/media\/5202"}],"wp:attachment":[{"href":"https:\/\/visionciudadana.com.mx\/oficial\/wp-json\/wp\/v2\/media?parent=13939"}],"wp:term":[{"taxonomy":"category","embeddable":true,"href":"https:\/\/visionciudadana.com.mx\/oficial\/wp-json\/wp\/v2\/categories?post=13939"},{"taxonomy":"post_tag","embeddable":true,"href":"https:\/\/visionciudadana.com.mx\/oficial\/wp-json\/wp\/v2\/tags?post=13939"},{"taxonomy":"author","embeddable":true,"href":"https:\/\/visionciudadana.com.mx\/oficial\/wp-json\/wp\/v2\/ppma_author?post=13939"}],"curies":[{"name":"wp","href":"https:\/\/api.w.org\/{rel}","templated":true}]}}