{"id":13938,"date":"2020-08-10T22:53:51","date_gmt":"2020-08-10T22:53:51","guid":{"rendered":"https:\/\/visionciudadana.com.mx\/prueba\/2020\/08\/10\/inicia-uas-actividades-del-nuevo-ciclo-escolar-y-entrega-material-sanitizante-y-de-proteccion-a-unidades-academicas\/"},"modified":"2020-08-10T22:53:51","modified_gmt":"2020-08-10T22:53:51","slug":"inicia-uas-actividades-del-nuevo-ciclo-escolar-y-entrega-material-sanitizante-y-de-proteccion-a-unidades-academicas","status":"publish","type":"post","link":"https:\/\/visionciudadana.com.mx\/oficial\/2020\/08\/10\/inicia-uas-actividades-del-nuevo-ciclo-escolar-y-entrega-material-sanitizante-y-de-proteccion-a-unidades-academicas\/","title":{"rendered":"Inicia UAS actividades del nuevo ciclo escolar y entrega material sanitizante y de protecci\u00f3n a unidades acad\u00e9micas"},"content":{"rendered":"<p class=\"x_MsoNormal\" align=\"right\">&nbsp;<\/p>\n<p class=\"x_MsoNormal\" align=\"right\"><i><span lang=\"ES\"><img decoding=\"async\" style=\"display: block; margin-left: auto; margin-right: auto;\" src=\"images\/2020\/agosto20\/uas_entrega_saniti.PNG\" alt=\"uas entrega saniti\" \/>&nbsp;<\/span><\/i><\/p>\n<p class=\"x_MsoNormal\" style=\"text-align: justify;\"><span style=\"font-size: 14pt; font-family: arial, helvetica, sans-serif;\"><span lang=\"ES\">La Universidad Aut\u00f3noma de Sinaloa (UAS) inici\u00f3 este d\u00eda en todo el estado las actividades del Ciclo Escolar 2020-2021 implementando dos modalidades: una de manera presencial con m\u00ednimo personal en sus diferentes \u00e1reas y en un sistema rotativo, y la otra desde casa para salvaguardar la salud de los universitarios, mientras que la atenci\u00f3n a los usuarios ser\u00e1 de manera virtual,&nbsp;<\/span>esto para mantener la eficiencia en el aspecto acad\u00e9mico y la calidad de la atenci\u00f3n.<\/span><\/p>\n<p class=\"x_MsoNormal\" style=\"text-align: justify;\"><span lang=\"ES\" style=\"font-size: 14pt; font-family: arial, helvetica, sans-serif;\"><\/span><\/p>\n<p class=\"x_MsoNormal\" style=\"text-align: justify;\"><span style=\"font-size: 14pt; font-family: arial, helvetica, sans-serif;\"><span lang=\"ES\">En conferencia virtual, el Rector Juan Eulogio Guerra Liera dio la bienvenida al personal administrativo de todas las unidades organizacionales, personal directivo&nbsp;<\/span>y administrativo de todas las unidades acad\u00e9micas de las cuatro unidades regionales que regresaron&nbsp;<span lang=\"ES\">luego del periodo vacacional y que inician labores bajo un estricto protocolo de cuidado de la salud a fin de garantizar la atenci\u00f3n a los usuarios y de todo su personal.<\/span><\/span><\/p>\n<p class=\"x_MsoNormal\" style=\"text-align: justify;\"><span style=\"font-size: 14pt; font-family: arial, helvetica, sans-serif;\"><b>&nbsp;<\/b><\/span><\/p>\n<p class=\"x_MsoNormal\" style=\"text-align: justify;\"><span style=\"font-size: 14pt; font-family: arial, helvetica, sans-serif;\">De acuerdo a recomendaciones del Comit\u00e9 de Salud de esta casa de estudios se detect\u00f3 al personal m\u00e1s vulnerable de posible contagio por COVID-19, es decir, a los mayores de 60 a\u00f1os, con enfermedades cr\u00f3nico degenerativas, embarazadas o en lactancia, o quienes tienen el sistema inmune bajo, quienes trabajar\u00e1n desde casa.<\/span><\/p>\n<p style=\"text-align: justify;\">&nbsp;<\/p>\n<p class=\"x_MsoNormal\" style=\"text-align: justify;\"><span style=\"font-size: 14pt; font-family: arial, helvetica, sans-serif;\">\u201cEsto nos permite mandar la se\u00f1al de que la Universidad est\u00e1 en movimiento, que la Universidad ha respetado los calendarios vacacionales, y que a partir del d\u00eda de hoy estamos atendiendo las funciones administrativas a nivel estatal pero sin descuidar la seguridad de nuestro personal; en estas condiciones de riesgo estaremos trabajando en dos modalidades: presencial y desde casa,&nbsp;de tal forma que todos los servicios est\u00e9n garantizados y que la totalidad del personal que acuda a las oficinas (lo har\u00e1) en un esquema de turnos rotacionales, no ser\u00e1n todos en atenci\u00f3n personal\u201d, dijo Guerra Liera.<\/span><\/p>\n<p style=\"text-align: justify;\">&nbsp;<\/p>\n<p class=\"x_MsoNormal\" style=\"text-align: justify;\"><span style=\"font-size: 14pt; font-family: arial, helvetica, sans-serif;\">Explic\u00f3 que las actividades se reanudan hoy en la UAS de manera virtual, es decir, no se espera en las oficinas o \u00e1reas administrativas \u201cel grueso de la gente\u201d para ir a recibir una atenci\u00f3n personalizada, esta se est\u00e1 priorizando a trav\u00e9s de correos electr\u00f3nicos, v\u00eda telef\u00f3nica, redes sociales, etc.<\/span><\/p>\n<p style=\"text-align: justify;\">&nbsp;<\/p>\n<p class=\"x_MsoNormal\" style=\"text-align: justify;\"><span style=\"font-size: 14pt; font-family: arial, helvetica, sans-serif;\">\u201cLo repito: no se trata de abrir las puertas y de acudir en masa a cada una de las Unidades Acad\u00e9micas o de las Unidades Organizacionales de la administraci\u00f3n, sino que busquemos la comunicaci\u00f3n de manera virtual, por cualquier medio que nos permita tener la informaci\u00f3n\u201d, insisti\u00f3 el Rector.<\/span><\/p>\n<p style=\"text-align: justify;\">&nbsp;<\/p>\n<p class=\"x_MsoNormal\" style=\"text-align: justify;\"><span style=\"font-size: 14pt; font-family: arial, helvetica, sans-serif;\">Detall\u00f3 que el personal estar\u00e1 en rotaci\u00f3n de horarios y d\u00edas, se aplicar\u00e1 de manera general, de tal forma que cada d\u00eda de la semana estar\u00e1n laborando en las oficinas entre un 15 y 20 por ciento del personal administrativo, cerca de 150 trabajadores en oficinas centrales y 700 en unidades acad\u00e9micas, el resto trabajar\u00e1 desde casa el d\u00eda que no le corresponda asistir a la oficina.<\/span><\/p>\n<p style=\"text-align: justify;\">&nbsp;<\/p>\n<p class=\"x_MsoNormal\" style=\"text-align: justify;\"><span style=\"font-size: 14pt; font-family: arial, helvetica, sans-serif;\">El Comit\u00e9 de Salud a cargo del doctor Gerardo Alapizco Castro estableci\u00f3 nueve puntos que deber\u00e1n seguir los que acudan a las oficinas: el acceso al edificio o campus ser\u00e1 por la puerta principal, toma de temperatura corporal al ingreso, uso obligatorio y correcto de cubrebocas y careta, lavado frecuente y correcto de manos con agua y jab\u00f3n, uso de gel alcoholado, evitar saludo de mano, beso y abrazo y estornudar en el \u00e1ngulo interno del codo, guardar sana distancia, y la desinfecci\u00f3n permanente del equipo de oficina.<\/span><\/p>\n<p style=\"text-align: justify;\">&nbsp;<\/p>\n<p class=\"x_MsoNormal\" style=\"text-align: justify;\"><span style=\"font-size: 14pt; font-family: arial, helvetica, sans-serif;\">De igual forma este d\u00eda se inici\u00f3 con un Curso denominado Medidas y protocolos para minimizar riesgos de transmisi\u00f3n por Covid, que se dar\u00e1 en todas las unidades acad\u00e9micas y administrativas con una hora de duraci\u00f3n para informar c\u00f3mo prevenir contagios y detectar primeros s\u00edntomas del Coronavirus.<\/span><\/p>\n<p style=\"text-align: justify;\">&nbsp;<\/p>\n<p class=\"x_MsoNormal\" style=\"text-align: justify;\"><span style=\"font-size: 14pt; font-family: arial, helvetica, sans-serif;\">Este d\u00eda en las instalaciones de Radio UAS, con el apoyo de la Facultad de Ciencias Qu\u00edmico Biol\u00f3gicas (FCQB), el Parque de Innovaci\u00f3n Tecnol\u00f3gica (PIT) y de la Facultad de Medicina, se entregaron 2 mil 960 litros de gel, 8 mil 910 caretas, 138 term\u00f3metros digitales y 28 mil 650 cubrebocas, que se distribuir\u00e1n en las cuatro unidades regionales para el personal que acuda a las oficinas.<\/span><\/p>\n<p style=\"text-align: justify;\">&nbsp;<\/p>\n<p class=\"x_MsoNormal\" style=\"text-align: justify;\"><span style=\"font-size: 14pt; font-family: arial, helvetica, sans-serif;\">El Rector ponder\u00f3 el hecho de que la UAS fue la primera universidad a nivel nacional que acord\u00f3 cobertura universal de los aspirantes a nivel medio superior que culminaron su proceso de preinscripci\u00f3n, anunci\u00f3 la reducci\u00f3n de cuotas, y hoy es la primera universidad que toma medidas para proteger a su personal administrativo y acad\u00e9mico. &nbsp;<\/span><\/p>\n<p style=\"text-align: justify;\">&nbsp;<\/p>\n<p class=\"x_MsoNormal\" style=\"text-align: justify;\"><span style=\"font-size: 14pt; font-family: arial, helvetica, sans-serif;\">As\u00ed como en todas las \u00e1reas administrativas acudir\u00e1 un personal m\u00ednimo a sus espacios en todas las unidades acad\u00e9micas los directores sabr\u00e1n qu\u00e9 trabajo se puede realizar en casa y en qu\u00e9 momento y qui\u00e9nes estar\u00e1n en el rol de vigilancia.<\/span><\/p>\n<p style=\"text-align: justify;\">&nbsp;<\/p>\n<p class=\"x_MsoNormal\" style=\"text-align: justify;\"><span style=\"font-size: 14pt; font-family: arial, helvetica, sans-serif;\">\u201cSi un usuario necesita acudir a una oficina o facultad deber\u00e1 cubrir esta ruta virtual y dependiendo si su caso lo ameritara la posibilidad de ser atendido individualmente, hay una serie de mecanismos disponibles para cubrir y poder realizarlo\u201d, aclar\u00f3 el Rector.<\/span><\/p>\n<p class=\"x_MsoNormal\" style=\"text-align: justify;\"><span style=\"font-size: 14pt; font-family: arial, helvetica, sans-serif;\"><b>&nbsp;<\/b><\/span><\/p>\n<p class=\"x_MsoNormal\" style=\"text-align: justify;\"><span style=\"font-size: 14pt; font-family: arial, helvetica, sans-serif;\">En su llamado a los universitarios Guerra Liera les reconoci\u00f3 toda la labor desarrollada para el cierre del ciclo anterior y la eficiencia en los resultados y los exhort\u00f3 a reintegrarse de manera virtual al trabajo con mucha responsabilidad, tambi\u00e9n se pronunci\u00f3 porque hoy de manera emergente \u201cno se deje al garete la educaci\u00f3n\u201d y que se haga el esfuerzo por tener la mayor cobertura posible de manera virtual.<\/span><\/p>\n<p class=\"x_MsoNormal\" style=\"text-align: justify;\"><span style=\"font-size: 14pt; font-family: arial, helvetica, sans-serif;\"><b>&nbsp;<\/b><\/span><\/p>\n<p class=\"x_MsoNormal\" style=\"text-align: justify;\"><span style=\"font-size: 14pt; font-family: arial, helvetica, sans-serif;\">\u201cHoy es la bienvenida virtual al trabajo, donde estaremos asumiendo la responsabilidad para sacarlo adelante y estamos enviando la se\u00f1al de empat\u00eda hacia la solicitud, desde el Gobierno Federal, de atender nuestras actividades, de no poner en riesgo al personal universitario, pero sobre todo de abrir la cobertura, dar m\u00e1s oportunidad a quienes hoy ven como \u00fanica v\u00eda de aportar al pa\u00eds a la educaci\u00f3n, as\u00ed que bienvenidos\u201d, manifest\u00f3.<\/span><\/p>\n<p style=\"text-align: justify;\">&nbsp;<\/p>\n<p class=\"x_MsoNormal\" style=\"text-align: justify;\"><span style=\"font-size: 14pt; font-family: arial, helvetica, sans-serif;\">Al se\u00f1alar que hoy la Universidad Aut\u00f3noma de Sinaloa por primera vez en su historia inicia un ciclo escolar de manera virtual, el dirigente universitario expres\u00f3 un reconocimiento al Gobierno Federal por cumplir su palabra de hacer llegar los recursos a las universidades p\u00fablicas estatales para que estas puedan cumplir con salarios y prestaciones.<\/span><\/p>\n<p style=\"text-align: justify;\">&nbsp;<\/p>\n<p class=\"x_MsoNormal\" style=\"text-align: justify;\"><span style=\"font-size: 14pt; font-family: arial, helvetica, sans-serif;\">\u201cLa Universidad ve un cierre de a\u00f1o dif\u00edcil en el aspecto de la salud, lo vemos tambi\u00e9n en el aspecto presupuestal, pero creo que si seguimos ejerciendo este liderazgo colectivo no habr\u00e1 ning\u00fan factor que detenga a la Universidad, ni tampoco lo que le impida seguir sirviendo con esa vocaci\u00f3n y esa entrega a la comunidad sinaloense (\u2026) &nbsp;en equipo hemos podido llegar a este punto donde hoy con mucha responsabilidad iniciamos labores sin dejar de lado la seguridad del personal universitario\u201d, puntualiz\u00f3.<\/span><\/p>\n<p style=\"text-align: justify;\">&nbsp;<\/p>\n<p style=\"text-align: justify;\">&nbsp;<\/p>\n<p style=\"text-align: justify;\"><span style=\"font-size: 14pt; font-family: arial, helvetica, sans-serif;\">REDACCI\u00d3N\/VISI\u00d3N CIUDADANA.<\/span><\/p>\n","protected":false},"excerpt":{"rendered":"<p>&nbsp; &nbsp; La Universidad Aut\u00f3noma de Sinaloa (UAS) inici\u00f3 este d\u00eda en todo el estado las actividades del Ciclo Escolar 2020-2021 implementando dos modalidades: una de manera presencial con m\u00ednimo personal en sus diferentes \u00e1reas y en un sistema rotativo, y la otra desde casa para salvaguardar la salud de los universitarios, mientras que la [&hellip;]<\/p>\n","protected":false},"author":1,"featured_media":5200,"comment_status":"open","ping_status":"closed","sticky":false,"template":"","format":"standard","meta":{"footnotes":""},"categories":[24],"tags":[],"ppma_author":[31],"class_list":["post-13938","post","type-post","status-publish","format-standard","has-post-thumbnail","hentry","category-relevantes"],"aioseo_notices":[],"authors":[{"term_id":31,"user_id":1,"is_guest":0,"slug":"ivan3vino","display_name":"Iv\u00e1n Trevi\u00f1o","avatar_url":{"url":"https:\/\/visionciudadana.com.mx\/oficial\/wp-content\/uploads\/2025\/09\/columna-ivan-Trevino.png","url2x":"https:\/\/visionciudadana.com.mx\/oficial\/wp-content\/uploads\/2025\/09\/columna-ivan-Trevino.png"},"0":null,"1":"","2":"","3":"","4":"","5":"","6":"","7":"","8":""}],"_links":{"self":[{"href":"https:\/\/visionciudadana.com.mx\/oficial\/wp-json\/wp\/v2\/posts\/13938","targetHints":{"allow":["GET"]}}],"collection":[{"href":"https:\/\/visionciudadana.com.mx\/oficial\/wp-json\/wp\/v2\/posts"}],"about":[{"href":"https:\/\/visionciudadana.com.mx\/oficial\/wp-json\/wp\/v2\/types\/post"}],"author":[{"embeddable":true,"href":"https:\/\/visionciudadana.com.mx\/oficial\/wp-json\/wp\/v2\/users\/1"}],"replies":[{"embeddable":true,"href":"https:\/\/visionciudadana.com.mx\/oficial\/wp-json\/wp\/v2\/comments?post=13938"}],"version-history":[{"count":0,"href":"https:\/\/visionciudadana.com.mx\/oficial\/wp-json\/wp\/v2\/posts\/13938\/revisions"}],"wp:featuredmedia":[{"embeddable":true,"href":"https:\/\/visionciudadana.com.mx\/oficial\/wp-json\/wp\/v2\/media\/5200"}],"wp:attachment":[{"href":"https:\/\/visionciudadana.com.mx\/oficial\/wp-json\/wp\/v2\/media?parent=13938"}],"wp:term":[{"taxonomy":"category","embeddable":true,"href":"https:\/\/visionciudadana.com.mx\/oficial\/wp-json\/wp\/v2\/categories?post=13938"},{"taxonomy":"post_tag","embeddable":true,"href":"https:\/\/visionciudadana.com.mx\/oficial\/wp-json\/wp\/v2\/tags?post=13938"},{"taxonomy":"author","embeddable":true,"href":"https:\/\/visionciudadana.com.mx\/oficial\/wp-json\/wp\/v2\/ppma_author?post=13938"}],"curies":[{"name":"wp","href":"https:\/\/api.w.org\/{rel}","templated":true}]}}