{"id":13937,"date":"2020-08-10T22:48:34","date_gmt":"2020-08-10T22:48:34","guid":{"rendered":"https:\/\/visionciudadana.com.mx\/prueba\/2020\/08\/10\/distribuye-sedesu-mas-de-85-mil-bolsas-reutilizables-sinaloasinplasticos\/"},"modified":"2020-08-10T22:48:34","modified_gmt":"2020-08-10T22:48:34","slug":"distribuye-sedesu-mas-de-85-mil-bolsas-reutilizables-sinaloasinplasticos","status":"publish","type":"post","link":"https:\/\/visionciudadana.com.mx\/oficial\/2020\/08\/10\/distribuye-sedesu-mas-de-85-mil-bolsas-reutilizables-sinaloasinplasticos\/","title":{"rendered":"Distribuye SEDESU m\u00e1s de 85 mil bolsas reutilizables #SinaloaSinPl\u00e1sticos"},"content":{"rendered":"<p><img decoding=\"async\" style=\"display: block; margin-left: auto; margin-right: auto;\" src=\"images\/2020\/agosto20\/bolsass.PNG\" alt=\"bolsass\" \/><\/p>\n<p class=\"x_MsoNormal\" style=\"text-align: justify;\"><span style=\"font-size: 14pt; font-family: arial, helvetica, sans-serif;\">Promoviendo el cambio de h\u00e1bitos y el cuidado del medio ambiente, de octubre a la fecha la Secretar\u00eda de Desarrollo Sustentable ha distribuido m\u00e1s de 85 mil bolsas reutilizables #SinaloaSinPl\u00e1sticos.<\/span><\/p>\n<p style=\"text-align: justify;\">&nbsp;<\/p>\n<p class=\"x_MsoNormal\" style=\"text-align: justify;\"><span style=\"font-size: 14pt; font-family: arial, helvetica, sans-serif;\">Durante un recorrido por el Mercado de Abastos para socializar la reforma que proh\u00edbe la comercializaci\u00f3n y distribuci\u00f3n de bolsas para el traslado de mercanc\u00edas y popotes no biodegradables, el secretario Carlos Gandarilla Garc\u00eda se\u00f1al\u00f3 que los empresarios est\u00e1n respondiendo positivamente a estas disposiciones para disminuir la contaminaci\u00f3n por el uso excesivo de los pl\u00e1sticos de un solo uso.<\/span><\/p>\n<p style=\"text-align: justify;\">&nbsp;<\/p>\n<p class=\"x_MsoNormal\" style=\"text-align: justify;\"><span style=\"font-size: 14pt; font-family: arial, helvetica, sans-serif;\">Explic\u00f3 que, desde el gobierno de Quirino Ordaz Coppel, se impulsan acciones para fomentar la preservaci\u00f3n de los recursos naturales que son fundamentales para las actividades primarias en Sinaloa.<\/span><\/p>\n<p style=\"text-align: justify;\">&nbsp;<\/p>\n<p class=\"x_MsoNormal\" style=\"text-align: justify;\"><span style=\"font-size: 14pt; font-family: arial, helvetica, sans-serif;\">En su visita a los locales comerciales el titular de la SEDESU resolvi\u00f3 algunas inquietudes de los comerciantes, a quienes les recomend\u00f3 hacer compras en volumen a trav\u00e9s de su organizaci\u00f3n para reducir los costos de los productos biodegradables.<\/span><\/p>\n<p style=\"text-align: justify;\">&nbsp;<\/p>\n<p class=\"x_MsoNormal\" style=\"text-align: justify;\"><span style=\"font-size: 14pt; font-family: arial, helvetica, sans-serif;\">A su vez, Sergio Macario L\u00f3pez, presidente de Central de Abastos de Culiac\u00e1n, coment\u00f3 que la socializaci\u00f3n de esta normatividad los ayudar\u00e1 a prepararse para la transici\u00f3n hacia productos amigables con el medio ambiente y reiter\u00f3 la mejor disposici\u00f3n de sumarse por un #SinaloaSinPl\u00e1sticos.<\/span><\/p>\n<p style=\"text-align: justify;\">&nbsp;<\/p>\n<p style=\"text-align: justify;\">&nbsp;<\/p>\n<p style=\"text-align: justify;\"><span style=\"font-size: 14pt; font-family: arial, helvetica, sans-serif;\">REDACCI\u00d3N\/VISI\u00d3N CIUDADANA.<\/span><\/p>\n","protected":false},"excerpt":{"rendered":"<p>Promoviendo el cambio de h\u00e1bitos y el cuidado del medio ambiente, de octubre a la fecha la Secretar\u00eda de Desarrollo Sustentable ha distribuido m\u00e1s de 85 mil bolsas reutilizables #SinaloaSinPl\u00e1sticos. &nbsp; Durante un recorrido por el Mercado de Abastos para socializar la reforma que proh\u00edbe la comercializaci\u00f3n y distribuci\u00f3n de bolsas para el traslado de [&hellip;]<\/p>\n","protected":false},"author":1,"featured_media":5198,"comment_status":"open","ping_status":"closed","sticky":false,"template":"","format":"standard","meta":{"footnotes":""},"categories":[24],"tags":[],"ppma_author":[31],"class_list":["post-13937","post","type-post","status-publish","format-standard","has-post-thumbnail","hentry","category-relevantes"],"aioseo_notices":[],"authors":[{"term_id":31,"user_id":1,"is_guest":0,"slug":"ivan3vino","display_name":"Iv\u00e1n Trevi\u00f1o","avatar_url":{"url":"https:\/\/visionciudadana.com.mx\/oficial\/wp-content\/uploads\/2025\/09\/columna-ivan-Trevino.png","url2x":"https:\/\/visionciudadana.com.mx\/oficial\/wp-content\/uploads\/2025\/09\/columna-ivan-Trevino.png"},"0":null,"1":"","2":"","3":"","4":"","5":"","6":"","7":"","8":""}],"_links":{"self":[{"href":"https:\/\/visionciudadana.com.mx\/oficial\/wp-json\/wp\/v2\/posts\/13937","targetHints":{"allow":["GET"]}}],"collection":[{"href":"https:\/\/visionciudadana.com.mx\/oficial\/wp-json\/wp\/v2\/posts"}],"about":[{"href":"https:\/\/visionciudadana.com.mx\/oficial\/wp-json\/wp\/v2\/types\/post"}],"author":[{"embeddable":true,"href":"https:\/\/visionciudadana.com.mx\/oficial\/wp-json\/wp\/v2\/users\/1"}],"replies":[{"embeddable":true,"href":"https:\/\/visionciudadana.com.mx\/oficial\/wp-json\/wp\/v2\/comments?post=13937"}],"version-history":[{"count":0,"href":"https:\/\/visionciudadana.com.mx\/oficial\/wp-json\/wp\/v2\/posts\/13937\/revisions"}],"wp:featuredmedia":[{"embeddable":true,"href":"https:\/\/visionciudadana.com.mx\/oficial\/wp-json\/wp\/v2\/media\/5198"}],"wp:attachment":[{"href":"https:\/\/visionciudadana.com.mx\/oficial\/wp-json\/wp\/v2\/media?parent=13937"}],"wp:term":[{"taxonomy":"category","embeddable":true,"href":"https:\/\/visionciudadana.com.mx\/oficial\/wp-json\/wp\/v2\/categories?post=13937"},{"taxonomy":"post_tag","embeddable":true,"href":"https:\/\/visionciudadana.com.mx\/oficial\/wp-json\/wp\/v2\/tags?post=13937"},{"taxonomy":"author","embeddable":true,"href":"https:\/\/visionciudadana.com.mx\/oficial\/wp-json\/wp\/v2\/ppma_author?post=13937"}],"curies":[{"name":"wp","href":"https:\/\/api.w.org\/{rel}","templated":true}]}}