{"id":13936,"date":"2020-08-10T22:37:58","date_gmt":"2020-08-10T22:37:58","guid":{"rendered":"https:\/\/visionciudadana.com.mx\/prueba\/2020\/08\/10\/arranca-en-sinaloa-la-entrega-de-libros-de-texto-gratuitos\/"},"modified":"2020-08-10T22:37:58","modified_gmt":"2020-08-10T22:37:58","slug":"arranca-en-sinaloa-la-entrega-de-libros-de-texto-gratuitos","status":"publish","type":"post","link":"https:\/\/visionciudadana.com.mx\/oficial\/2020\/08\/10\/arranca-en-sinaloa-la-entrega-de-libros-de-texto-gratuitos\/","title":{"rendered":"Arranca en Sinaloa la entrega de libros de texto gratuitos"},"content":{"rendered":"<div>\n<p><img decoding=\"async\" style=\"display: block; margin-left: auto; margin-right: auto;\" src=\"images\/2020\/agosto20\/entregan_libros.PNG\" alt=\"entregan libros\" \/><\/p>\n<p class=\"x_gmail-MsoNoSpacing\" style=\"text-align: justify;\"><span style=\"font-size: 14pt; font-family: arial, helvetica, sans-serif;\"><span lang=\"es\">Sinaloa se prepara para el arranque del Ciclo Escolar 2020-2021. El secretario de Educaci\u00f3n P\u00fablica y Cultura, Juan Alfonso Mej\u00eda L\u00f3pez, inici\u00f3 formalmente la entrega de libros de texto gratuitos. En Sinaloa ya se tiene un avance en la recepci\u00f3n del 68%, los cuales se distribuir\u00e1n en los 5 mil 974 planteles de preescolar, primaria y secundaria.<\/span><\/span><\/p>\n<p class=\"x_gmail-MsoNoSpacing\" style=\"text-align: justify;\"><span lang=\"es\" style=\"font-size: 14pt; font-family: arial, helvetica, sans-serif;\"><\/span><\/p>\n<p class=\"x_gmail-MsoNoSpacing\" style=\"text-align: justify;\"><span lang=\"es\" style=\"font-size: 14pt; font-family: arial, helvetica, sans-serif;\">Para atender la instrucci\u00f3n del gobernador Quirino Ordaz Coppel de hacer equipo por lo m\u00e1s importante: nuestras ni\u00f1as, ni\u00f1os y j\u00f3venes, el secretario de Educaci\u00f3n asegur\u00f3 que los 3 millones 785 mil 827 t\u00edtulos se entregar\u00e1n en tiempo y forma a las y los alumnos de educaci\u00f3n b\u00e1sica de Sinaloa.<\/span><\/p>\n<p class=\"x_gmail-MsoNoSpacing\" style=\"text-align: justify;\"><span lang=\"es\" style=\"font-size: 14pt; font-family: arial, helvetica, sans-serif;\"><\/span><\/p>\n<p class=\"x_gmail-MsoNoSpacing\" style=\"text-align: justify;\"><span lang=\"es\" style=\"font-size: 14pt; font-family: arial, helvetica, sans-serif;\">La ceremonia de arranque ocurri\u00f3 en la Escuela Secundaria T\u00e9cnica #85, de la colonia Antonio Nakayama. La primera madre de familia en recibir el paquete de libros fue Patricia Pe\u00f1uelas, quien a su vez entregar\u00e1 a su hijo Juan Manuel el paquete que integra 7 libros para las asignaturas: Espa\u00f1ol, Matem\u00e1ticas, Historia, Geograf\u00eda, Ingl\u00e9s, Ciencias y Formaci\u00f3n C\u00edvica y \u00c9tica), para primer grado de secundaria.<\/span><\/p>\n<p class=\"x_gmail-MsoNoSpacing\" style=\"text-align: justify;\"><span lang=\"es\" style=\"font-size: 14pt; font-family: arial, helvetica, sans-serif;\"><\/span><\/p>\n<p class=\"x_gmail-MsoNoSpacing\" style=\"text-align: justify;\"><span lang=\"es\" style=\"font-size: 14pt; font-family: arial, helvetica, sans-serif;\">Mej\u00eda L\u00f3pez destac\u00f3 que los libros de texto son un s\u00edmbolo, que nos recuerdan que pertenecemos a una comunidad y a todo un sistema.<\/span><\/p>\n<p class=\"x_gmail-MsoNoSpacing\" style=\"text-align: justify;\"><span lang=\"es\" style=\"font-size: 14pt; font-family: arial, helvetica, sans-serif;\"><\/span><\/p>\n<p class=\"x_gmail-MsoNoSpacing\" style=\"text-align: justify;\"><span lang=\"es\" style=\"font-size: 14pt; font-family: arial, helvetica, sans-serif;\">\u201cCon la entrega que hoy iniciamos formalmente. Estamos enviando un mensaje: que las escuelas y nuestras maestras y maestros volver\u00e1n a dar confianza a las familias sinaloenses\u201d, dijo.<\/span><\/p>\n<p class=\"x_gmail-MsoNoSpacing\" style=\"text-align: justify;\"><span lang=\"es\" style=\"font-size: 14pt; font-family: arial, helvetica, sans-serif;\"><\/span><\/p>\n<p class=\"x_gmail-MsoNoSpacing\" style=\"text-align: justify;\"><span lang=\"es\" style=\"font-size: 14pt; font-family: arial, helvetica, sans-serif;\">Destac\u00f3 adem\u00e1s que la comunidad educativa del plantel se organiz\u00f3 para salvaguardar la salud ante la pandemia por Covid-19, por lo que cit\u00f3 a los padres de familia de acuerdo a las letras de su apellido paterno, a fin de evitar aglomeraciones.<\/span><\/p>\n<p class=\"x_gmail-MsoNoSpacing\" style=\"text-align: justify;\"><span lang=\"es\" style=\"font-size: 14pt; font-family: arial, helvetica, sans-serif;\"><\/span><\/p>\n<p class=\"x_gmail-MsoNoSpacing\" style=\"text-align: justify;\"><span lang=\"es\" style=\"font-size: 14pt; font-family: arial, helvetica, sans-serif;\">Este d\u00eda, la entrega fue para el nivel de Secundaria, donde se distribuir\u00e1n 944 mil 132 libros en un total de 400 planteles de las diferentes modalidades (T\u00e9cnicas, Generales, Estatales y de Educaci\u00f3n Especial).<\/span><\/p>\n<p class=\"x_gmail-MsoNoSpacing\" style=\"text-align: justify;\"><span lang=\"es\" style=\"font-size: 14pt; font-family: arial, helvetica, sans-serif;\"><\/span><\/p>\n<p class=\"x_gmail-MsoNoSpacing\" style=\"text-align: justify;\"><span lang=\"es\" style=\"font-size: 14pt; font-family: arial, helvetica, sans-serif;\">Para Preescolar, se recibir\u00e1n un total de 284 mil 778 ejemplares. En primaria se distribuir\u00e1n 2 millones 392 mil 242 t\u00edtulos y en Telesecundaria 161 mil 948; adem\u00e1s se recibir\u00e1n libros en Sistema Braille (303) y en macrotipo (2 mil 424),&nbsp; as\u00ed como materiales para Telebachillerato, Convivencia Escolar y para el Programa de Ingl\u00e9s, que suman m\u00e1s de 4 millones de bibliograf\u00edas en total.<\/span><\/p>\n<p style=\"text-align: justify;\">&nbsp;<\/p>\n<p style=\"text-align: justify;\">&nbsp;<\/p>\n<p style=\"text-align: justify;\"><span style=\"font-size: 14pt; font-family: arial, helvetica, sans-serif;\">REDACCI\u00d3N\/VISI\u00d3N CIUDADANA.<\/span><\/p>\n<\/div>\n<div>&nbsp;<\/div>\n","protected":false},"excerpt":{"rendered":"<p>Sinaloa se prepara para el arranque del Ciclo Escolar 2020-2021. El secretario de Educaci\u00f3n P\u00fablica y Cultura, Juan Alfonso Mej\u00eda L\u00f3pez, inici\u00f3 formalmente la entrega de libros de texto gratuitos. En Sinaloa ya se tiene un avance en la recepci\u00f3n del 68%, los cuales se distribuir\u00e1n en los 5 mil 974 planteles de preescolar, primaria [&hellip;]<\/p>\n","protected":false},"author":1,"featured_media":5196,"comment_status":"open","ping_status":"closed","sticky":false,"template":"","format":"standard","meta":{"footnotes":""},"categories":[24],"tags":[],"ppma_author":[31],"class_list":["post-13936","post","type-post","status-publish","format-standard","has-post-thumbnail","hentry","category-relevantes"],"aioseo_notices":[],"authors":[{"term_id":31,"user_id":1,"is_guest":0,"slug":"ivan3vino","display_name":"Iv\u00e1n Trevi\u00f1o","avatar_url":{"url":"https:\/\/visionciudadana.com.mx\/oficial\/wp-content\/uploads\/2025\/09\/columna-ivan-Trevino.png","url2x":"https:\/\/visionciudadana.com.mx\/oficial\/wp-content\/uploads\/2025\/09\/columna-ivan-Trevino.png"},"0":null,"1":"","2":"","3":"","4":"","5":"","6":"","7":"","8":""}],"_links":{"self":[{"href":"https:\/\/visionciudadana.com.mx\/oficial\/wp-json\/wp\/v2\/posts\/13936","targetHints":{"allow":["GET"]}}],"collection":[{"href":"https:\/\/visionciudadana.com.mx\/oficial\/wp-json\/wp\/v2\/posts"}],"about":[{"href":"https:\/\/visionciudadana.com.mx\/oficial\/wp-json\/wp\/v2\/types\/post"}],"author":[{"embeddable":true,"href":"https:\/\/visionciudadana.com.mx\/oficial\/wp-json\/wp\/v2\/users\/1"}],"replies":[{"embeddable":true,"href":"https:\/\/visionciudadana.com.mx\/oficial\/wp-json\/wp\/v2\/comments?post=13936"}],"version-history":[{"count":0,"href":"https:\/\/visionciudadana.com.mx\/oficial\/wp-json\/wp\/v2\/posts\/13936\/revisions"}],"wp:featuredmedia":[{"embeddable":true,"href":"https:\/\/visionciudadana.com.mx\/oficial\/wp-json\/wp\/v2\/media\/5196"}],"wp:attachment":[{"href":"https:\/\/visionciudadana.com.mx\/oficial\/wp-json\/wp\/v2\/media?parent=13936"}],"wp:term":[{"taxonomy":"category","embeddable":true,"href":"https:\/\/visionciudadana.com.mx\/oficial\/wp-json\/wp\/v2\/categories?post=13936"},{"taxonomy":"post_tag","embeddable":true,"href":"https:\/\/visionciudadana.com.mx\/oficial\/wp-json\/wp\/v2\/tags?post=13936"},{"taxonomy":"author","embeddable":true,"href":"https:\/\/visionciudadana.com.mx\/oficial\/wp-json\/wp\/v2\/ppma_author?post=13936"}],"curies":[{"name":"wp","href":"https:\/\/api.w.org\/{rel}","templated":true}]}}