{"id":13935,"date":"2020-08-10T20:37:45","date_gmt":"2020-08-10T20:37:45","guid":{"rendered":"https:\/\/visionciudadana.com.mx\/prueba\/2020\/08\/10\/los-gobiernos-abandona-a-las-jefas-de-familias-y-a-los-enfermos-por-covid-19-cuen-ojeda\/"},"modified":"2020-08-10T20:37:45","modified_gmt":"2020-08-10T20:37:45","slug":"los-gobiernos-abandona-a-las-jefas-de-familias-y-a-los-enfermos-por-covid-19-cuen-ojeda","status":"publish","type":"post","link":"https:\/\/visionciudadana.com.mx\/oficial\/2020\/08\/10\/los-gobiernos-abandona-a-las-jefas-de-familias-y-a-los-enfermos-por-covid-19-cuen-ojeda\/","title":{"rendered":"Los gobiernos abandona a las jefas de familias y a los enfermos por Covid-19: Cu\u00e9n Ojeda"},"content":{"rendered":"<p style=\"text-align: justify;\">&nbsp;<\/p>\n<div style=\"text-align: justify;\"><span style=\"font-size: 14pt; font-family: arial, helvetica, sans-serif;\">&nbsp;<img decoding=\"async\" style=\"display: block; margin-left: auto; margin-right: auto;\" src=\"images\/2020\/agosto20\/confepas.PNG\" alt=\"confepas\" \/><\/span><\/div>\n<div style=\"text-align: justify;\"><span style=\"font-size: 14pt; font-family: arial, helvetica, sans-serif;\">Desafortunadamente las pol\u00edticas p\u00fablicas del gobierno no van encaminadas para apoyar a las jefas de familia y a los enfermos de coronavirus, esto ha ocasionado que muchas personas tengan que hacer un esfuerzo extraordinario para solucionar esta falta de apoyo de las autoridades, inform\u00f3 H\u00e9ctor Melesio Cu\u00e9n Ojeda en conferencia de prensa virtual, donde acudieron 55 medios de todo el estado de Sinaloa.<\/span><\/div>\n<div style=\"text-align: justify;\">&nbsp;<\/div>\n<div style=\"text-align: justify;\"><span style=\"font-size: 14pt; font-family: arial, helvetica, sans-serif;\">Recordemos que en el pa\u00eds existen m\u00e1s de 34 millones 744 mil 818 hogares; 9.97 millones de ellos, es decir, el 28.7 por ciento de estos son dirigidos por jefas de familias y se proyecta que estos n\u00facleos tendr\u00e1n problemas cuando las ni\u00f1as, ni\u00f1os y adolescentes se integren a sus clases virtuales.<\/span><\/div>\n<div style=\"text-align: justify;\">&nbsp;<\/div>\n<div style=\"text-align: justify;\">&nbsp;<\/div>\n<div style=\"text-align: justify;\"><span style=\"font-size: 14pt; font-family: arial, helvetica, sans-serif;\">Sabemos que estos hogares encabezados y sostenidos por mujeres, en un d\u00eda normal, llevan a sus hijos a la escuela, ellas se van a trabajar, luego, al salir de sus labores, recogen a sus hijos y despu\u00e9s se dedican a que las ni\u00f1as y ni\u00f1os cumplan con su labor escolar y las necesidades propias de un hogar, esta es una una jornada diaria de estas jefas de familia, mismas que pueden ser calificadas como hero\u00ednas.<\/span><\/div>\n<div style=\"text-align: justify;\">&nbsp;<\/div>\n<div style=\"text-align: justify;\">\n<p><span style=\"font-size: 14pt; font-family: arial, helvetica, sans-serif;\">Por otro lado, se est\u00e1n incrementado las familias que se despojan de todos sus bienes acumulados en su vida por atender a sus parientes afectados por el coronavirus, cuando en un principio se dijo, por parte de las autoridades federales, que la atenci\u00f3n a estas personas iba a ser gratuita y con los medicamentos necesarios.<\/span><\/div>\n<div style=\"text-align: justify;\">&nbsp;<\/div>\n<div style=\"text-align: justify;\">&nbsp;<\/div>\n<div style=\"text-align: justify;\"><span style=\"font-size: 14pt; font-family: arial, helvetica, sans-serif;\">\u201cHoy estamos viendo que el gobierno nos ha mentido en el apoyo a las personas que contaren esta pandemia, los est\u00e1 dejando solos, por lo que el costo de la hospitalizaci\u00f3n y las medicinas son costeados por sus parientes, estas se tienen que desprender de lo que tienen para poder lograr que su familiar salga con vida de esta enfermedad y si no lo hace el costo de un funeral es alt\u00edsimo y quedan endeudados, por eso debemos de exigir que se apoye con medicamento y hospitalizaci\u00f3n gratuita a toda persona que este enferma\u201d, expres\u00f3 Cu\u00e9n Ojeda.<\/span><\/div>\n<div style=\"text-align: justify;\">&nbsp;<\/div>\n<div style=\"text-align: justify;\"><span style=\"font-size: 14pt; font-family: arial, helvetica, sans-serif;\">Tambi\u00e9n es importante se\u00f1alar, el apoyo extraordinario que los sinaloense han otorgado a la iniciativa para hacer un uso obligatorio del cubrebocas en emergencia sanitaria, ya que en pocos d\u00edas se tiene 73,940 firmas, esperamos llegar pronto a las 100 mil que tenemos como meta.<\/span><\/div>\n<div style=\"text-align: justify;\">\n<p><span style=\"font-size: 14pt; font-family: arial, helvetica, sans-serif;\">\u201cEn el marco del octavo aniversario del Partido Sinaloense, los invito a los festejos virtuales, este viernes 14 de agosto a las 5 de la tarde, la invitaci\u00f3n se les har\u00e1 llegar v\u00eda zoom, para mil personas, pero tambi\u00e9n se trasmitir\u00e1 por nuestras redes sociales\u201d, invit\u00f3 H\u00e9ctor Melesio Cu\u00e9n Ojeda.<\/span><\/div>\n<div style=\"text-align: justify;\">&nbsp;<\/div>\n<div style=\"text-align: justify;\">&nbsp;<\/div>\n<div style=\"text-align: justify;\">&nbsp;<\/div>\n<div style=\"text-align: justify;\"><span style=\"font-size: 14pt; font-family: arial, helvetica, sans-serif;\">REDACCI\u00d3N\/VISI\u00d3N CIUDADANA.<\/span><\/div>\n","protected":false},"excerpt":{"rendered":"<p>&nbsp; &nbsp; Desafortunadamente las pol\u00edticas p\u00fablicas del gobierno no van encaminadas para apoyar a las jefas de familia y a los enfermos de coronavirus, esto ha ocasionado que muchas personas tengan que hacer un esfuerzo extraordinario para solucionar esta falta de apoyo de las autoridades, inform\u00f3 H\u00e9ctor Melesio Cu\u00e9n Ojeda en conferencia de prensa virtual, [&hellip;]<\/p>\n","protected":false},"author":1,"featured_media":5194,"comment_status":"open","ping_status":"closed","sticky":false,"template":"","format":"standard","meta":{"footnotes":""},"categories":[24],"tags":[],"ppma_author":[31],"class_list":["post-13935","post","type-post","status-publish","format-standard","has-post-thumbnail","hentry","category-relevantes"],"aioseo_notices":[],"authors":[{"term_id":31,"user_id":1,"is_guest":0,"slug":"ivan3vino","display_name":"Iv\u00e1n Trevi\u00f1o","avatar_url":{"url":"https:\/\/visionciudadana.com.mx\/oficial\/wp-content\/uploads\/2025\/09\/columna-ivan-Trevino.png","url2x":"https:\/\/visionciudadana.com.mx\/oficial\/wp-content\/uploads\/2025\/09\/columna-ivan-Trevino.png"},"0":null,"1":"","2":"","3":"","4":"","5":"","6":"","7":"","8":""}],"_links":{"self":[{"href":"https:\/\/visionciudadana.com.mx\/oficial\/wp-json\/wp\/v2\/posts\/13935","targetHints":{"allow":["GET"]}}],"collection":[{"href":"https:\/\/visionciudadana.com.mx\/oficial\/wp-json\/wp\/v2\/posts"}],"about":[{"href":"https:\/\/visionciudadana.com.mx\/oficial\/wp-json\/wp\/v2\/types\/post"}],"author":[{"embeddable":true,"href":"https:\/\/visionciudadana.com.mx\/oficial\/wp-json\/wp\/v2\/users\/1"}],"replies":[{"embeddable":true,"href":"https:\/\/visionciudadana.com.mx\/oficial\/wp-json\/wp\/v2\/comments?post=13935"}],"version-history":[{"count":0,"href":"https:\/\/visionciudadana.com.mx\/oficial\/wp-json\/wp\/v2\/posts\/13935\/revisions"}],"wp:featuredmedia":[{"embeddable":true,"href":"https:\/\/visionciudadana.com.mx\/oficial\/wp-json\/wp\/v2\/media\/5194"}],"wp:attachment":[{"href":"https:\/\/visionciudadana.com.mx\/oficial\/wp-json\/wp\/v2\/media?parent=13935"}],"wp:term":[{"taxonomy":"category","embeddable":true,"href":"https:\/\/visionciudadana.com.mx\/oficial\/wp-json\/wp\/v2\/categories?post=13935"},{"taxonomy":"post_tag","embeddable":true,"href":"https:\/\/visionciudadana.com.mx\/oficial\/wp-json\/wp\/v2\/tags?post=13935"},{"taxonomy":"author","embeddable":true,"href":"https:\/\/visionciudadana.com.mx\/oficial\/wp-json\/wp\/v2\/ppma_author?post=13935"}],"curies":[{"name":"wp","href":"https:\/\/api.w.org\/{rel}","templated":true}]}}