{"id":13934,"date":"2020-08-10T20:31:10","date_gmt":"2020-08-10T20:31:10","guid":{"rendered":"https:\/\/visionciudadana.com.mx\/prueba\/2020\/08\/10\/la-uas-pone-a-disposicion-de-alumnos-de-bachillerato-libros-digitalizados\/"},"modified":"2020-08-10T20:31:10","modified_gmt":"2020-08-10T20:31:10","slug":"la-uas-pone-a-disposicion-de-alumnos-de-bachillerato-libros-digitalizados","status":"publish","type":"post","link":"https:\/\/visionciudadana.com.mx\/oficial\/2020\/08\/10\/la-uas-pone-a-disposicion-de-alumnos-de-bachillerato-libros-digitalizados\/","title":{"rendered":"La UAS pone a disposici\u00f3n de alumnos de bachillerato libros digitalizados"},"content":{"rendered":"<p><img decoding=\"async\" style=\"display: block; margin-left: auto; margin-right: auto;\" src=\"images\/2020\/agosto20\/libros_uas.PNG\" alt=\"libros uas\" \/><\/p>\n<p class=\"x_MsoNormal\" style=\"text-align: justify;\"><span style=\"font-size: 14pt; font-family: arial, helvetica, sans-serif;\">La Universidad Aut\u00f3noma de Sinaloa (UAS) pone a disposici\u00f3n en plataforma libre y gratuita la versi\u00f3n digitalizada de todos los libros de texto de los tres grados escolares del nivel medio superior, de tal forma que para el nuevo Ciclo Escolar 2020-2021 solo los alumnos que ingresan a primer grado del bachillerato recibir\u00e1n este material did\u00e1ctico de manera impresa.<\/span><\/p>\n<p style=\"text-align: justify;\">&nbsp;<\/p>\n<p class=\"x_MsoNormal\" style=\"text-align: justify;\"><span style=\"font-size: 14pt; font-family: arial, helvetica, sans-serif;\">El Rector Juan Eulogio Guerra Liera inform\u00f3 que la instituci\u00f3n desde hace 10 a\u00f1os a trav\u00e9s de la Direcci\u00f3n General de Escuelas Preparatorias (DGEP), a cargo del doctor Armando Fl\u00f3rez Arco, ofrece en l\u00ednea los libros de bachillerato como una herramienta m\u00e1s para contribuir al proceso de ense\u00f1anza-aprendizaje.<\/span><\/p>\n<p style=\"text-align: justify;\">&nbsp;<\/p>\n<p class=\"x_MsoNormal\" style=\"text-align: justify;\"><span style=\"font-size: 14pt; font-family: arial, helvetica, sans-serif;\">\u201cEn preparatoria, en los tres a\u00f1os est\u00e1n disponibles en internet los libros de texto que se est\u00e1n aplicando, pero en el primer a\u00f1o se entregar\u00e1n tambi\u00e9n de manera f\u00edsica, se est\u00e1 viendo el mecanismo para entregarlos evitando aglomeraciones y situaciones de riesgo\u201d, expres\u00f3 el Rector.<\/span><\/p>\n<p style=\"text-align: justify;\">&nbsp;<\/p>\n<p class=\"x_MsoNormal\" style=\"text-align: justify;\"><span style=\"font-size: 14pt; font-family: arial, helvetica, sans-serif;\">Explic\u00f3 que para garantizar la salud de los estudiantes, de los docentes y del personal administrativo ante la pandemia actual, el inicio de clases ser\u00e1 de manera virtual a partir del 28 de septiembre y antes de esa fecha se entregar\u00e1 el paquete de libros correspondiente a los alumnos de nuevo ingreso, esto con la finalidad de apoyar a aquellos j\u00f3venes que por ciertas condiciones se les pudiera dificultar consultarlos en l\u00ednea.<\/span><\/p>\n<p style=\"text-align: justify;\">&nbsp;<\/p>\n<p class=\"x_MsoNormal\" style=\"text-align: justify;\"><span style=\"font-size: 14pt; font-family: arial, helvetica, sans-serif;\">Guerra Liera enfatiz\u00f3 que los libros digitalizados adem\u00e1s de ser de gran utilidad para los profesores en la planeaci\u00f3n de clases y para la elaboraci\u00f3n de materiales de apoyo did\u00e1ctico, sirven de apoyo para alumnos con necesidades especiales, ya que estos libros digitalizados pueden convertirse en audiolibros, lo que es de gran utilidad para estudiantes con deficiencia visual.<\/span><\/p>\n<p style=\"text-align: justify;\">&nbsp;<\/p>\n<p class=\"x_MsoNormal\" style=\"text-align: justify;\"><span style=\"font-size: 14pt; font-family: arial, helvetica, sans-serif;\">Los alumnos de los tres grados de preparatoria pueden consultar y descargar sus libros en la direcci\u00f3n&nbsp;<a href=\"http:\/\/dgep.uas.edu.mx\/nms\/libros.php\" target=\"_blank\" rel=\"noopener noreferrer\" data-auth=\"NotApplicable\"><\/a><a href=\"http:\/\/dgep.uas.edu.mx\/nms\/libros.php\">http:\/\/dgep.uas.edu.mx\/nms\/libros.php<\/a>&nbsp;.<\/span><\/p>\n<p style=\"text-align: justify;\">&nbsp;<\/p>\n<p class=\"x_MsoNormal\" style=\"text-align: justify;\"><span style=\"font-size: 14pt; font-family: arial, helvetica, sans-serif;\">El Rector precis\u00f3 que a los estudiantes de segundo y tercer grado no se les entregar\u00e1n libros de manera f\u00edsica, por lo tanto tampoco pagar\u00e1n en su recibo de inscripci\u00f3n esa cuota, lo que representar\u00e1 un ahorro para las familias de 600 pesos.<\/span><\/p>\n<p style=\"text-align: justify;\">&nbsp;<\/p>\n<p class=\"x_MsoNormal\" style=\"text-align: justify;\"><span style=\"font-size: 14pt; font-family: arial, helvetica, sans-serif;\">El dirigente universitario agreg\u00f3 que del 21 al 25 de septiembre se impartir\u00e1n cursos de inducci\u00f3n a la Educaci\u00f3n Virtual para los alumnos de nuevo ingreso tanto en Preparatoria como en el nivel superior, dicha semana servir\u00e1 para que los estudiantes se familiaricen con la forma de trabajar en l\u00ednea, prueben sus equipos e internet, conozcan a sus maestros, a sus compa\u00f1eros, un poco de su carrera y de la Universidad.<\/span><\/p>\n<p style=\"text-align: justify;\">&nbsp;<\/p>\n<p style=\"text-align: justify;\">&nbsp;<\/p>\n<p style=\"text-align: justify;\"><span style=\"font-size: 14pt; font-family: arial, helvetica, sans-serif;\">REDACCI\u00d3N\/VISI\u00d3N CIUDADANA.<\/span><\/p>\n","protected":false},"excerpt":{"rendered":"<p>La Universidad Aut\u00f3noma de Sinaloa (UAS) pone a disposici\u00f3n en plataforma libre y gratuita la versi\u00f3n digitalizada de todos los libros de texto de los tres grados escolares del nivel medio superior, de tal forma que para el nuevo Ciclo Escolar 2020-2021 solo los alumnos que ingresan a primer grado del bachillerato recibir\u00e1n este material [&hellip;]<\/p>\n","protected":false},"author":1,"featured_media":5192,"comment_status":"open","ping_status":"closed","sticky":false,"template":"","format":"standard","meta":{"footnotes":""},"categories":[24],"tags":[],"ppma_author":[31],"class_list":["post-13934","post","type-post","status-publish","format-standard","has-post-thumbnail","hentry","category-relevantes"],"aioseo_notices":[],"authors":[{"term_id":31,"user_id":1,"is_guest":0,"slug":"ivan3vino","display_name":"Iv\u00e1n Trevi\u00f1o","avatar_url":{"url":"https:\/\/visionciudadana.com.mx\/oficial\/wp-content\/uploads\/2025\/09\/columna-ivan-Trevino.png","url2x":"https:\/\/visionciudadana.com.mx\/oficial\/wp-content\/uploads\/2025\/09\/columna-ivan-Trevino.png"},"0":null,"1":"","2":"","3":"","4":"","5":"","6":"","7":"","8":""}],"_links":{"self":[{"href":"https:\/\/visionciudadana.com.mx\/oficial\/wp-json\/wp\/v2\/posts\/13934","targetHints":{"allow":["GET"]}}],"collection":[{"href":"https:\/\/visionciudadana.com.mx\/oficial\/wp-json\/wp\/v2\/posts"}],"about":[{"href":"https:\/\/visionciudadana.com.mx\/oficial\/wp-json\/wp\/v2\/types\/post"}],"author":[{"embeddable":true,"href":"https:\/\/visionciudadana.com.mx\/oficial\/wp-json\/wp\/v2\/users\/1"}],"replies":[{"embeddable":true,"href":"https:\/\/visionciudadana.com.mx\/oficial\/wp-json\/wp\/v2\/comments?post=13934"}],"version-history":[{"count":0,"href":"https:\/\/visionciudadana.com.mx\/oficial\/wp-json\/wp\/v2\/posts\/13934\/revisions"}],"wp:featuredmedia":[{"embeddable":true,"href":"https:\/\/visionciudadana.com.mx\/oficial\/wp-json\/wp\/v2\/media\/5192"}],"wp:attachment":[{"href":"https:\/\/visionciudadana.com.mx\/oficial\/wp-json\/wp\/v2\/media?parent=13934"}],"wp:term":[{"taxonomy":"category","embeddable":true,"href":"https:\/\/visionciudadana.com.mx\/oficial\/wp-json\/wp\/v2\/categories?post=13934"},{"taxonomy":"post_tag","embeddable":true,"href":"https:\/\/visionciudadana.com.mx\/oficial\/wp-json\/wp\/v2\/tags?post=13934"},{"taxonomy":"author","embeddable":true,"href":"https:\/\/visionciudadana.com.mx\/oficial\/wp-json\/wp\/v2\/ppma_author?post=13934"}],"curies":[{"name":"wp","href":"https:\/\/api.w.org\/{rel}","templated":true}]}}