{"id":13933,"date":"2020-08-10T18:37:35","date_gmt":"2020-08-10T18:37:35","guid":{"rendered":"https:\/\/visionciudadana.com.mx\/prueba\/2020\/08\/10\/programa-de-prevencion-guardianes-de-la-salud-no-es-mas-que-un-circo-de-estrada-ferreiro-alejo-valenzuela\/"},"modified":"2020-08-10T18:37:35","modified_gmt":"2020-08-10T18:37:35","slug":"programa-de-prevencion-guardianes-de-la-salud-no-es-mas-que-un-circo-de-estrada-ferreiro-alejo-valenzuela","status":"publish","type":"post","link":"https:\/\/visionciudadana.com.mx\/oficial\/2020\/08\/10\/programa-de-prevencion-guardianes-de-la-salud-no-es-mas-que-un-circo-de-estrada-ferreiro-alejo-valenzuela\/","title":{"rendered":"Programa de Prevenci\u00f3n \u00abGuardianes de la salud\u00bb no es m\u00e1s que un circo de Estrada Ferreiro: Alejo Valenzuela"},"content":{"rendered":"<p style=\"text-align: justify;\"><img decoding=\"async\" style=\"display: block; margin-left: auto; margin-right: auto;\" src=\"images\/2020\/aleva.PNG\" alt=\"aleva\" \/><\/p>\n<p style=\"text-align: justify;\"><span style=\"font-size: 14pt; font-family: arial, helvetica, sans-serif;\">El banderazo del programa de \u201cGuardianes de prevenci\u00f3n de la salud en el municipio, promovido por parte del presidente Jes\u00fas Estrada Ferreiro no es m\u00e1s que un circo para los culiacanenses, asegur\u00f3 el secretario general de Movimiento ciudadano, al considerar que en su arranque no hubo prevenci\u00f3n por parte del edil toda vez que en todo momento omiti\u00f3 el uso del cubre bocas.<\/span><\/p>\n<p style=\"text-align: justify;\">&nbsp;<\/p>\n<p style=\"text-align: justify;\"><span style=\"font-size: 14pt; font-family: arial, helvetica, sans-serif;\">Alejo Valenzuela precis\u00f3 que es de aplaudir la prevenci\u00f3n entre la ciudadan\u00eda cuando se tiene una pandemia mundial que ha dejado miles de decesos, por lo cual debe de dar el ejemplo ante la sociedad haciendo uso permanente del cubre bocas y hacer presencia en hospitales y colonias viendo por las necesidades de la gente que hoy m\u00e1s que nunca la ocupa ya que, muchas personas han tenido que vender sus pertenencias para poder comprar medicamentos para familiares enfermos por COVID-19.<\/span><\/p>\n<p style=\"text-align: justify;\">&nbsp;<\/p>\n<p style=\"text-align: justify;\"><span style=\"font-size: 14pt; font-family: arial, helvetica, sans-serif;\">\u201cCon tantos muertos hasta ahora se acord\u00f3 que exist\u00eda el coronavirus cuando ni la cara le ha dado a los culiacanenses, creemos que es una mentira y falsedad este programa que trae, denominado guardianes de prevenci\u00f3n de salud m\u00e1s cuando llama a la concientizaci\u00f3n del uso continuo del cubre bocas y no da ejemplo a ciudadanos de Culiac\u00e1n a quienes pretende que respeten esta medida de sanidad cuando \u00e9l mismo no lo hace\u201d.<\/span><\/p>\n<p style=\"text-align: justify;\">&nbsp;<\/p>\n<p style=\"text-align: justify;\"><span style=\"font-size: 14pt; font-family: arial, helvetica, sans-serif;\">Precis\u00f3 que la prevenci\u00f3n debe ser con ejemplo y Estrada Ferreiro dijo, no lo est\u00e1 haciendo, pues se\u00f1al\u00f3 que aunque diga que habr\u00e1 medicamentos, camas y atenci\u00f3n a la ciudadan\u00eda que lo requiera no lo hay pues el medicamento se cobra muy caro y a veces no se encuentra en farmacias.<\/span><\/p>\n<p style=\"text-align: justify;\">&nbsp;<\/p>\n<p style=\"text-align: justify;\"><span style=\"font-size: 14pt; font-family: arial, helvetica, sans-serif;\">Por tanto Movimiento Ciudadano llam\u00f3 al presidente municipal de Culiac\u00e1n, Jes\u00fas Estrada Ferreiro se acerque a los hospitales y haga un recorrido por las colonias y se ponga las pilas y trabaje por la ciudadan\u00eda Culiacanense para que vea las necesidades de la gente y ayude a quienes se encuentren enfermos y que no tienen para pagar medicamentos por Covid.<\/span><\/p>\n<p style=\"text-align: justify;\">&nbsp;<\/p>\n<p style=\"text-align: justify;\">&nbsp;<\/p>\n<p style=\"text-align: justify;\"><span style=\"font-size: 14pt; font-family: arial, helvetica, sans-serif;\">REDACCI\u00d3N\/CELINA FONSECA.<\/span><\/p>\n","protected":false},"excerpt":{"rendered":"<p>El banderazo del programa de \u201cGuardianes de prevenci\u00f3n de la salud en el municipio, promovido por parte del presidente Jes\u00fas Estrada Ferreiro no es m\u00e1s que un circo para los culiacanenses, asegur\u00f3 el secretario general de Movimiento ciudadano, al considerar que en su arranque no hubo prevenci\u00f3n por parte del edil toda vez que en [&hellip;]<\/p>\n","protected":false},"author":1,"featured_media":5190,"comment_status":"open","ping_status":"closed","sticky":false,"template":"","format":"standard","meta":{"footnotes":""},"categories":[24],"tags":[],"ppma_author":[31],"class_list":["post-13933","post","type-post","status-publish","format-standard","has-post-thumbnail","hentry","category-relevantes"],"aioseo_notices":[],"authors":[{"term_id":31,"user_id":1,"is_guest":0,"slug":"ivan3vino","display_name":"Iv\u00e1n Trevi\u00f1o","avatar_url":{"url":"https:\/\/visionciudadana.com.mx\/oficial\/wp-content\/uploads\/2025\/09\/columna-ivan-Trevino.png","url2x":"https:\/\/visionciudadana.com.mx\/oficial\/wp-content\/uploads\/2025\/09\/columna-ivan-Trevino.png"},"0":null,"1":"","2":"","3":"","4":"","5":"","6":"","7":"","8":""}],"_links":{"self":[{"href":"https:\/\/visionciudadana.com.mx\/oficial\/wp-json\/wp\/v2\/posts\/13933","targetHints":{"allow":["GET"]}}],"collection":[{"href":"https:\/\/visionciudadana.com.mx\/oficial\/wp-json\/wp\/v2\/posts"}],"about":[{"href":"https:\/\/visionciudadana.com.mx\/oficial\/wp-json\/wp\/v2\/types\/post"}],"author":[{"embeddable":true,"href":"https:\/\/visionciudadana.com.mx\/oficial\/wp-json\/wp\/v2\/users\/1"}],"replies":[{"embeddable":true,"href":"https:\/\/visionciudadana.com.mx\/oficial\/wp-json\/wp\/v2\/comments?post=13933"}],"version-history":[{"count":0,"href":"https:\/\/visionciudadana.com.mx\/oficial\/wp-json\/wp\/v2\/posts\/13933\/revisions"}],"wp:featuredmedia":[{"embeddable":true,"href":"https:\/\/visionciudadana.com.mx\/oficial\/wp-json\/wp\/v2\/media\/5190"}],"wp:attachment":[{"href":"https:\/\/visionciudadana.com.mx\/oficial\/wp-json\/wp\/v2\/media?parent=13933"}],"wp:term":[{"taxonomy":"category","embeddable":true,"href":"https:\/\/visionciudadana.com.mx\/oficial\/wp-json\/wp\/v2\/categories?post=13933"},{"taxonomy":"post_tag","embeddable":true,"href":"https:\/\/visionciudadana.com.mx\/oficial\/wp-json\/wp\/v2\/tags?post=13933"},{"taxonomy":"author","embeddable":true,"href":"https:\/\/visionciudadana.com.mx\/oficial\/wp-json\/wp\/v2\/ppma_author?post=13933"}],"curies":[{"name":"wp","href":"https:\/\/api.w.org\/{rel}","templated":true}]}}