{"id":13919,"date":"2020-08-07T00:01:45","date_gmt":"2020-08-07T00:01:45","guid":{"rendered":"https:\/\/visionciudadana.com.mx\/prueba\/2020\/08\/07\/guardianes-de-prevencion-de-salud-son-recibidos-positivamente-por-la-poblacion\/"},"modified":"2020-08-07T00:01:45","modified_gmt":"2020-08-07T00:01:45","slug":"guardianes-de-prevencion-de-salud-son-recibidos-positivamente-por-la-poblacion","status":"publish","type":"post","link":"https:\/\/visionciudadana.com.mx\/oficial\/2020\/08\/07\/guardianes-de-prevencion-de-salud-son-recibidos-positivamente-por-la-poblacion\/","title":{"rendered":"Guardianes de prevenci\u00f3n de Salud son recibidos positivamente por la poblaci\u00f3n"},"content":{"rendered":"<p><img decoding=\"async\" style=\"display: block; margin-left: auto; margin-right: auto;\" src=\"images\/2020\/agosto20\/guardianes_salud.PNG\" alt=\"guardianes salud\" \/><\/p>\n<p style=\"text-align: justify;\"><span style=\"font-size: 14pt; font-family: arial, helvetica, sans-serif;\">Durante el cuarto d\u00eda de actividades correspondientes a la campa\u00f1a \u201cGuardianes de Prevenci\u00f3n de la Salud\u201d, personal adscrito a la Direcci\u00f3n de Comunicaci\u00f3n Social y a la Secretar\u00eda de Presidencia, llevaron a cabo una jornada de concientizaci\u00f3n entre la poblaci\u00f3n para exhortarlos a reforzar las medidas de prevenci\u00f3n contra el coronavirus.<\/span><\/p>\n<p style=\"text-align: justify;\">&nbsp;<\/p>\n<p style=\"text-align: justify;\"><span style=\"font-size: 14pt; font-family: arial, helvetica, sans-serif;\">Las brigadas de trabajadores acudieron a los cruceros viales ubicados en bulevar Emiliano Zapata y Bravo y al de Obreg\u00f3n y Madero, esto con el prop\u00f3sito de dar seguimiento a las acciones de difusi\u00f3n sobre la debida aplicaci\u00f3n de pr\u00e1cticas para el autocuidado, como lo son el uso del cubrebocas y respetar la sana distancia.<\/span><\/p>\n<p style=\"text-align: justify;\">&nbsp;<\/p>\n<p style=\"text-align: justify;\"><span style=\"font-size: 14pt; font-family: arial, helvetica, sans-serif;\">Asimismo, llevaron a cabo la distribuci\u00f3n de cubrebocas certificados que el alcalde, Lic. Jes\u00fas Estrada Ferreiro, ha logrado adquirir con recursos propios del Gobierno de Culiac\u00e1n y a trav\u00e9s de donativos por parte de empresarios que se han sumado a la causa.<\/span><\/p>\n<p style=\"text-align: justify;\">&nbsp;<\/p>\n<p style=\"text-align: justify;\"><span style=\"font-size: 14pt; font-family: arial, helvetica, sans-serif;\">Conscientes de la importancia de seguir las medidas de prevenci\u00f3n para reducir los riesgos de contagios por COVID-19, cientos de automovilistas y transe\u00fantes recibieron positivamente la atenci\u00f3n de los brigadistas.<\/span><\/p>\n<p style=\"text-align: justify;\">&nbsp;<\/p>\n<p style=\"text-align: justify;\"><span style=\"font-size: 14pt; font-family: arial, helvetica, sans-serif;\">De esta forma, se avanza en el objetivo trazado por el presidente municipal para pasar al color verde en el Sem\u00e1foro de Riesgo durante un periodo de 15 d\u00edas para el bienestar de la poblaci\u00f3n.<\/span><\/p>\n<p style=\"text-align: justify;\">&nbsp;<\/p>\n<p style=\"text-align: justify;\"><span style=\"font-size: 14pt; font-family: arial, helvetica, sans-serif;\">REDACCI\u00d3N\/VISI\u00d3N CIUDADANA.<\/span><\/p>\n","protected":false},"excerpt":{"rendered":"<p>Durante el cuarto d\u00eda de actividades correspondientes a la campa\u00f1a \u201cGuardianes de Prevenci\u00f3n de la Salud\u201d, personal adscrito a la Direcci\u00f3n de Comunicaci\u00f3n Social y a la Secretar\u00eda de Presidencia, llevaron a cabo una jornada de concientizaci\u00f3n entre la poblaci\u00f3n para exhortarlos a reforzar las medidas de prevenci\u00f3n contra el coronavirus. &nbsp; Las brigadas de [&hellip;]<\/p>\n","protected":false},"author":1,"featured_media":5174,"comment_status":"open","ping_status":"closed","sticky":false,"template":"","format":"standard","meta":{"footnotes":""},"categories":[13],"tags":[],"ppma_author":[31],"class_list":["post-13919","post","type-post","status-publish","format-standard","has-post-thumbnail","hentry","category-locales"],"aioseo_notices":[],"authors":[{"term_id":31,"user_id":1,"is_guest":0,"slug":"ivan3vino","display_name":"Iv\u00e1n Trevi\u00f1o","avatar_url":{"url":"https:\/\/visionciudadana.com.mx\/oficial\/wp-content\/uploads\/2025\/09\/columna-ivan-Trevino.png","url2x":"https:\/\/visionciudadana.com.mx\/oficial\/wp-content\/uploads\/2025\/09\/columna-ivan-Trevino.png"},"0":null,"1":"","2":"","3":"","4":"","5":"","6":"","7":"","8":""}],"_links":{"self":[{"href":"https:\/\/visionciudadana.com.mx\/oficial\/wp-json\/wp\/v2\/posts\/13919","targetHints":{"allow":["GET"]}}],"collection":[{"href":"https:\/\/visionciudadana.com.mx\/oficial\/wp-json\/wp\/v2\/posts"}],"about":[{"href":"https:\/\/visionciudadana.com.mx\/oficial\/wp-json\/wp\/v2\/types\/post"}],"author":[{"embeddable":true,"href":"https:\/\/visionciudadana.com.mx\/oficial\/wp-json\/wp\/v2\/users\/1"}],"replies":[{"embeddable":true,"href":"https:\/\/visionciudadana.com.mx\/oficial\/wp-json\/wp\/v2\/comments?post=13919"}],"version-history":[{"count":0,"href":"https:\/\/visionciudadana.com.mx\/oficial\/wp-json\/wp\/v2\/posts\/13919\/revisions"}],"wp:featuredmedia":[{"embeddable":true,"href":"https:\/\/visionciudadana.com.mx\/oficial\/wp-json\/wp\/v2\/posts\/5174"}],"wp:attachment":[{"href":"https:\/\/visionciudadana.com.mx\/oficial\/wp-json\/wp\/v2\/media?parent=13919"}],"wp:term":[{"taxonomy":"category","embeddable":true,"href":"https:\/\/visionciudadana.com.mx\/oficial\/wp-json\/wp\/v2\/categories?post=13919"},{"taxonomy":"post_tag","embeddable":true,"href":"https:\/\/visionciudadana.com.mx\/oficial\/wp-json\/wp\/v2\/tags?post=13919"},{"taxonomy":"author","embeddable":true,"href":"https:\/\/visionciudadana.com.mx\/oficial\/wp-json\/wp\/v2\/ppma_author?post=13919"}],"curies":[{"name":"wp","href":"https:\/\/api.w.org\/{rel}","templated":true}]}}