{"id":13917,"date":"2020-08-06T23:51:04","date_gmt":"2020-08-06T23:51:04","guid":{"rendered":"https:\/\/visionciudadana.com.mx\/prueba\/2020\/08\/06\/tabasco-al-igual-que-oaxaca-tambien-va-por-la-prohibicion-de-comida-chatarra\/"},"modified":"2020-08-06T23:51:04","modified_gmt":"2020-08-06T23:51:04","slug":"tabasco-al-igual-que-oaxaca-tambien-va-por-la-prohibicion-de-comida-chatarra","status":"publish","type":"post","link":"https:\/\/visionciudadana.com.mx\/oficial\/2020\/08\/06\/tabasco-al-igual-que-oaxaca-tambien-va-por-la-prohibicion-de-comida-chatarra\/","title":{"rendered":"Tabasco al igual que Oaxaca tambi\u00e9n va por la prohibici\u00f3n de comida chatarra"},"content":{"rendered":"<p><img decoding=\"async\" style=\"display: block; margin-left: auto; margin-right: auto;\" src=\"images\/2020\/agosto20\/comida_chatarra.PNG\" alt=\"comida chatarra\" \/><\/p>\n<p style=\"text-align: justify;\"><span style=\"font-size: 14pt; font-family: arial, helvetica, sans-serif;\">Despu\u00e9s de la aprobaci\u00f3n del congreso de Oaxaca para prohibir la venta de comida chatarra y refrescos a menores de edad, Ad\u00e1n Augusto L\u00f3pez, gobernador de Tabasco, anunci\u00f3 que buscar\u00e1 emular la medida en su entidad.<\/span><\/p>\n<p style=\"text-align: justify;\">&nbsp;<\/p>\n<p style=\"text-align: justify;\"><span style=\"font-size: 14pt; font-family: arial, helvetica, sans-serif;\">El mandatario de Morena asegur\u00f3 que la pr\u00f3xima semana enviar\u00e1 al Congreso local una iniciativa de reforma a la Ley General de Salud para prohibir la venta, distribuci\u00f3n y promoci\u00f3n de productos no saludables a menores, similar a la aprobada ayer en Oaxaca y que fue impulsada por una legisladora del mismo partido por el que \u00e9l gobierna.<\/span><\/p>\n<p style=\"text-align: justify;\">&nbsp;<\/p>\n<p style=\"text-align: justify;\"><span style=\"font-size: 14pt; font-family: arial, helvetica, sans-serif;\">Aunque no especific\u00f3 los alcances de esta nueva iniciativa, L\u00f3pez Hern\u00e1ndez asever\u00f3 que lo primordial ser\u00e1 promover la buena alimentaci\u00f3n entre la ni\u00f1ez y los buenos h\u00e1bitos de salud.<\/span><\/p>\n<p style=\"text-align: justify;\">&nbsp;<\/p>\n<p style=\"text-align: justify;\"><span style=\"font-size: 14pt; font-family: arial, helvetica, sans-serif;\">La entidad cuenta desde el 15 de junio de 2019 con una legislaci\u00f3n similar que proh\u00edbe la comercializaci\u00f3n de estos productos en escuelas.<\/span><\/p>\n<div class=\"twitter-tweet twitter-tweet-rendered\" style=\"text-align: justify;\">&nbsp;<\/div>\n<div class=\"twitter-tweet twitter-tweet-rendered\" style=\"text-align: justify;\"><span style=\"font-size: 14pt; font-family: arial, helvetica, sans-serif;\">\u201cQueda prohibida la venta de alimentos y golosinas preparados con predominio de carbohidratos refinados y grasas vegetales en su forma s\u00f3lida que contengan \u00e1cidos grasos hidrogenados en su forma trans, dentro de las escuelas de educaci\u00f3n b\u00e1sica, centros de recreaci\u00f3n y deporte de ni\u00f1os y adolescentes, en guarder\u00edas y centros de desarrollo infantil, y cualquier otro establecimiento escolar que se encargue de la ense\u00f1anza, educaci\u00f3n y cuidados de lactantes, preescolares, ni\u00f1os y adolescentes\u201d, se lee en el documento publicado en el Peri\u00f3dico Oficial del Estado hace m\u00e1s de un a\u00f1o.<\/span><\/div>\n<p style=\"text-align: justify;\">&nbsp;<\/p>\n<p style=\"text-align: justify;\">&nbsp;<\/p>\n<p style=\"text-align: justify;\"><span style=\"font-size: 14pt; font-family: arial, helvetica, sans-serif;\">FUENTE: ddmx.com<\/span><\/p>\n","protected":false},"excerpt":{"rendered":"<p>Despu\u00e9s de la aprobaci\u00f3n del congreso de Oaxaca para prohibir la venta de comida chatarra y refrescos a menores de edad, Ad\u00e1n Augusto L\u00f3pez, gobernador de Tabasco, anunci\u00f3 que buscar\u00e1 emular la medida en su entidad. &nbsp; El mandatario de Morena asegur\u00f3 que la pr\u00f3xima semana enviar\u00e1 al Congreso local una iniciativa de reforma a [&hellip;]<\/p>\n","protected":false},"author":1,"featured_media":5170,"comment_status":"open","ping_status":"closed","sticky":false,"template":"","format":"standard","meta":{"footnotes":""},"categories":[24],"tags":[],"ppma_author":[31],"class_list":["post-13917","post","type-post","status-publish","format-standard","has-post-thumbnail","hentry","category-relevantes"],"aioseo_notices":[],"authors":[{"term_id":31,"user_id":1,"is_guest":0,"slug":"ivan3vino","display_name":"Iv\u00e1n Trevi\u00f1o","avatar_url":{"url":"https:\/\/visionciudadana.com.mx\/oficial\/wp-content\/uploads\/2025\/09\/columna-ivan-Trevino.png","url2x":"https:\/\/visionciudadana.com.mx\/oficial\/wp-content\/uploads\/2025\/09\/columna-ivan-Trevino.png"},"0":null,"1":"","2":"","3":"","4":"","5":"","6":"","7":"","8":""}],"_links":{"self":[{"href":"https:\/\/visionciudadana.com.mx\/oficial\/wp-json\/wp\/v2\/posts\/13917","targetHints":{"allow":["GET"]}}],"collection":[{"href":"https:\/\/visionciudadana.com.mx\/oficial\/wp-json\/wp\/v2\/posts"}],"about":[{"href":"https:\/\/visionciudadana.com.mx\/oficial\/wp-json\/wp\/v2\/types\/post"}],"author":[{"embeddable":true,"href":"https:\/\/visionciudadana.com.mx\/oficial\/wp-json\/wp\/v2\/users\/1"}],"replies":[{"embeddable":true,"href":"https:\/\/visionciudadana.com.mx\/oficial\/wp-json\/wp\/v2\/comments?post=13917"}],"version-history":[{"count":0,"href":"https:\/\/visionciudadana.com.mx\/oficial\/wp-json\/wp\/v2\/posts\/13917\/revisions"}],"wp:featuredmedia":[{"embeddable":true,"href":"https:\/\/visionciudadana.com.mx\/oficial\/wp-json\/wp\/v2\/media\/5170"}],"wp:attachment":[{"href":"https:\/\/visionciudadana.com.mx\/oficial\/wp-json\/wp\/v2\/media?parent=13917"}],"wp:term":[{"taxonomy":"category","embeddable":true,"href":"https:\/\/visionciudadana.com.mx\/oficial\/wp-json\/wp\/v2\/categories?post=13917"},{"taxonomy":"post_tag","embeddable":true,"href":"https:\/\/visionciudadana.com.mx\/oficial\/wp-json\/wp\/v2\/tags?post=13917"},{"taxonomy":"author","embeddable":true,"href":"https:\/\/visionciudadana.com.mx\/oficial\/wp-json\/wp\/v2\/ppma_author?post=13917"}],"curies":[{"name":"wp","href":"https:\/\/api.w.org\/{rel}","templated":true}]}}