{"id":13916,"date":"2020-08-06T23:45:03","date_gmt":"2020-08-06T23:45:03","guid":{"rendered":"https:\/\/visionciudadana.com.mx\/prueba\/2020\/08\/06\/reforma-del-pri-inteligente-incluyente-de-apertura-y-de-sumar-jesus-valdes\/"},"modified":"2020-08-06T23:45:03","modified_gmt":"2020-08-06T23:45:03","slug":"reforma-del-pri-inteligente-incluyente-de-apertura-y-de-sumar-jesus-valdes","status":"publish","type":"post","link":"https:\/\/visionciudadana.com.mx\/oficial\/2020\/08\/06\/reforma-del-pri-inteligente-incluyente-de-apertura-y-de-sumar-jesus-valdes\/","title":{"rendered":"Reforma del PRI, inteligente, incluyente, de apertura y de sumar: Jes\u00fas Vald\u00e9s"},"content":{"rendered":"<p><img decoding=\"async\" style=\"display: block; margin-left: auto; margin-right: auto;\" src=\"images\/2020\/agosto20\/sesi\u00f3n_extra.PNG\" alt=\"sesi\u00f3n extra\" \/><\/p>\n<p class=\"x_MsoNormal\" style=\"text-align: justify;\"><span style=\"font-size: 14pt; font-family: arial, helvetica, sans-serif;\">La reforma de los documentos b\u00e1sicos del PRI es una reforma inteligente, con visi\u00f3n de estado y con la mira en el presente y en el futuro. Mujeres, j\u00f3venes y poblaci\u00f3n ind\u00edgena tienen m\u00e1s acceso a candidaturas, asegur\u00f3 el presidente estatal del PRI, Jes\u00fas Vald\u00e9s Palazuelos, al participar en la sesi\u00f3n extraordinaria del Consejo Pol\u00edtico Estatal.<\/span><\/p>\n<p style=\"text-align: justify;\">&nbsp;<\/p>\n<p class=\"x_MsoNormal\" style=\"text-align: justify;\"><span style=\"font-size: 14pt; font-family: arial, helvetica, sans-serif;\">Resalt\u00f3 que en los hechos, &nbsp;el PRI ha dejado y deja constancia de c\u00f3mo se debe gobernar, y puso como ejemplo a Quirino Ordaz Coppel, de quien destac\u00f3 que todas las encuestas nacionales lo ubican como el mejor gobernador que hay en M\u00e9xico.<\/span><\/p>\n<p style=\"text-align: justify;\">&nbsp;<\/p>\n<p class=\"x_MsoNormal\" style=\"text-align: justify;\"><span style=\"font-size: 14pt; font-family: arial, helvetica, sans-serif;\">El PRI, indic\u00f3, defiende las causas ciudadanas, tiende puentes y da la bienvenida a quien quiera sumarse a defender a la naci\u00f3n.<\/span><\/p>\n<p style=\"text-align: justify;\">&nbsp;<\/p>\n<p class=\"x_MsoNormal\" style=\"text-align: justify;\"><span style=\"font-size: 14pt; font-family: arial, helvetica, sans-serif;\">En este sentido reconoci\u00f3 la&nbsp;disposici\u00f3n del Consejo Pol\u00edtico para estudiar a detalle la posibilidad de establecer alianzas electorales con partidos pol\u00edticos que compartan la visi\u00f3n de c\u00f3mo gobernar bien.<\/span><\/p>\n<p style=\"text-align: justify;\">&nbsp;<\/p>\n<p class=\"x_MsoNormal\" style=\"text-align: justify;\"><span style=\"font-size: 14pt; font-family: arial, helvetica, sans-serif;\">En lo que se refiere a la participaci\u00f3n de los j\u00f3venes en contiendas electorales, expuso que la reforma de los documentos b\u00e1sicos garantiza&nbsp;que en la integraci\u00f3n de las listas plurinominales haya cuando menos el 30 por ciento de j\u00f3venes en candidaturas propietarias y suplentes.<\/span><\/p>\n<p style=\"text-align: justify;\">&nbsp;<\/p>\n<p class=\"x_MsoNormal\" style=\"text-align: justify;\"><span style=\"font-size: 14pt; font-family: arial, helvetica, sans-serif;\">\u201cNuestro compromiso es claro con los j\u00f3venes, es contundente, es real por eso los invito a seguir sum\u00e1ndose a quienes ya estamos capacitando Secci\u00f3n por Secci\u00f3n en cada rinc\u00f3n de nuestro estado\u201d.<\/span><\/p>\n<p style=\"text-align: justify;\">&nbsp;<\/p>\n<p class=\"x_MsoNormal\" style=\"text-align: justify;\"><span style=\"font-size: 14pt; font-family: arial, helvetica, sans-serif;\">En el caso de las mujeres, dio por hecho que el PRI ser\u00e1 el partido que m\u00e1s impulse a las mujeres sinaloenses, fue aqu\u00ed donde el dirigente estatal, reconoci\u00f3 el trabajo y la entrega de la secretaria general, Cinthia Valenzuela, a quien describi\u00f3 como una joven responsable y comprometida con el partido.<\/span><\/p>\n<p style=\"text-align: justify;\">&nbsp;<\/p>\n<p class=\"x_MsoNormal\" style=\"text-align: justify;\"><span style=\"font-size: 14pt; font-family: arial, helvetica, sans-serif;\">\u201cEl PRI ha acompa\u00f1ado desde siempre las causas de las mujeres. Nunca m\u00e1s un ciudadano o un militante del PRI con una causa justa donde no est\u00e9 el partido a su lado. M\u00e1s, si son las causas y las luchas de las mujeres\u201d, enfatiz\u00f3.<\/span><\/p>\n<p style=\"text-align: justify;\">&nbsp;<\/p>\n<p class=\"x_MsoNormal\" style=\"text-align: justify;\"><span style=\"font-size: 14pt; font-family: arial, helvetica, sans-serif;\">Incluso dijo que partir de hoy, ninguna persona que haya cometido violencia pol\u00edtica de g\u00e9nero (en contra de mujeres) podr\u00e1 ser postulada a un cargo de elecci\u00f3n popular.<\/span><\/p>\n<p style=\"text-align: justify;\">&nbsp;<\/p>\n<p class=\"x_MsoNormal\" style=\"text-align: justify;\"><span style=\"font-size: 14pt; font-family: arial, helvetica, sans-serif;\">Jes\u00fas Vald\u00e9s destac\u00f3 tambi\u00e9n que en la reforma interna&nbsp; \u201cse da un lugar protag\u00f3nico a nuestros hermanos migrantes, a nuestros connacionales, quienes podr\u00e1n acudir a las representaciones del partido en las ciudades del extranjero donde exista mayor concentraci\u00f3n de nuestros hermanos migrantes, para hacer valer sus derechos pol\u00edticos como mexicanos\u201d.<\/span><\/p>\n<p style=\"text-align: justify;\">&nbsp;<\/p>\n<p class=\"x_MsoNormal\" style=\"text-align: justify;\"><span style=\"font-size: 14pt; font-family: arial, helvetica, sans-serif;\">De igual manera, agreg\u00f3, se garantiza que en los municipios con poblaci\u00f3n ind\u00edgena, el partido postule candidatas y candidatos representativos de los pueblos y comunidades ind\u00edgenas.<\/span><\/p>\n<p style=\"text-align: justify;\">&nbsp;<\/p>\n<p class=\"x_MsoNormal\" style=\"text-align: justify;\"><span style=\"font-size: 14pt; font-family: arial, helvetica, sans-serif;\">En su mensaje, el presidente estatal del PRI advirti\u00f3 que desde las altas esferas diariamente se quiere poner a este partido contra la pared y se busca que los errores de unos cuantos se conviertan en los errores de todos los priistas.<\/span><\/p>\n<p style=\"text-align: justify;\">&nbsp;<\/p>\n<p class=\"x_MsoNormal\" style=\"text-align: justify;\"><span style=\"font-size: 14pt; font-family: arial, helvetica, sans-serif;\">\u201cHan tratado de desprestigiar el legado de una instituci\u00f3n hist\u00f3rica, defensora de la legalidad y de los valores democr\u00e1ticos. Es por eso que quiero decirles a todas y todos ustedes con claridad y firmeza, que no nos vamos a dejar y que nunca lo van a lograr, porque ah\u00ed est\u00e1n las grandes obras, los programas sensibles y la construcci\u00f3n de instituciones que le han dado vida y progreso a nuestro pa\u00eds.\u201d<\/span><\/p>\n<p style=\"text-align: justify;\">&nbsp;<\/p>\n<p class=\"x_MsoNormal\" style=\"text-align: justify;\"><span style=\"font-size: 14pt; font-family: arial, helvetica, sans-serif;\">A todos los consejeros estatales participantes, Vald\u00e9s Palazuelos les invit\u00f3 a refrendar el compromiso de trabajar juntos e impulsar los buenos gobiernos como el del gobernador y las alcaldesas y alcaldes.<\/span><\/p>\n<p style=\"text-align: justify;\">&nbsp;<\/p>\n<p class=\"x_MsoNormal\" style=\"text-align: justify;\"><span style=\"font-size: 14pt; font-family: arial, helvetica, sans-serif;\">De parte del Comit\u00e9 Directivo Estatal que preside, asegur\u00f3 que seguir\u00e1 impulsando acciones y programas que beneficien directamente a la sociedad.<\/span><\/p>\n<p style=\"text-align: justify;\">&nbsp;<\/p>\n<p class=\"x_MsoNormal\" style=\"text-align: justify;\"><span style=\"font-size: 14pt; font-family: arial, helvetica, sans-serif;\">Entre estas acciones y programas cit\u00f3 la donaci\u00f3n del 50 por ciento del presupuesto del partido para apoyar a las micros y peque\u00f1as empresas; las Jornadas Vecinales, que han permitido beneficiar a m\u00e1s de 80 mil familias; las Jornadas de Alimentaci\u00f3n, colecta de frutas y hortalizas con agricultores y que han beneficiado a 18 mil familias con despensas.<\/span><\/p>\n<p style=\"text-align: justify;\">&nbsp;<\/p>\n<p class=\"x_MsoNormal\" style=\"text-align: justify;\"><span style=\"font-size: 14pt; font-family: arial, helvetica, sans-serif;\">A ello le sum\u00f3 el programa de las Granjas Familiares con 45 mil gallinas ponedoras regaladas en comunidades rurales; la donaci\u00f3n de m\u00e1s de 5 mil equipos de protecci\u00f3n para m\u00e9dicos, enfermeros y personal de hospitales p\u00fablicos como caretas, cubrebocas, overoles, guantes y gel anti bacterial; la Colecta de Medicamentos para ayudar a familias que no tienen seguridad social ni empleo y que han salido infectadas por el Coronavirus.<\/span><\/p>\n<p style=\"text-align: justify;\">&nbsp;<\/p>\n<p class=\"x_MsoNormal\" style=\"text-align: justify;\"><span style=\"font-size: 14pt; font-family: arial, helvetica, sans-serif;\">Asimismo, las Jornadas de fumigaci\u00f3n en colonias y comunidades rurales; las Jornadas de sanitizaci\u00f3n interna de veh\u00edculos y transporte p\u00fablico; la lucha contra las altas tarifas el\u00e9ctricas; la lucha contra los altos costos de los combustibles en el norte del estado; la lucha de los productores y campesinos por mejores precios de sus cosechas y las Jornadas de Arborizaci\u00f3n y Adopta un \u00c1rbol.<\/span><\/p>\n<div style=\"text-align: justify;\"><span style=\"font-size: 14pt; font-family: arial, helvetica, sans-serif;\"><\/span><\/div>\n<div style=\"text-align: justify;\"><span style=\"font-size: 14pt; font-family: arial, helvetica, sans-serif;\">REDACCI\u00d3N\/VISI\u00d3N CIUDADANA.<\/span><\/div>\n","protected":false},"excerpt":{"rendered":"<p>La reforma de los documentos b\u00e1sicos del PRI es una reforma inteligente, con visi\u00f3n de estado y con la mira en el presente y en el futuro. Mujeres, j\u00f3venes y poblaci\u00f3n ind\u00edgena tienen m\u00e1s acceso a candidaturas, asegur\u00f3 el presidente estatal del PRI, Jes\u00fas Vald\u00e9s Palazuelos, al participar en la sesi\u00f3n extraordinaria del Consejo Pol\u00edtico [&hellip;]<\/p>\n","protected":false},"author":1,"featured_media":5168,"comment_status":"open","ping_status":"closed","sticky":false,"template":"","format":"standard","meta":{"footnotes":""},"categories":[24],"tags":[],"ppma_author":[31],"class_list":["post-13916","post","type-post","status-publish","format-standard","has-post-thumbnail","hentry","category-relevantes"],"aioseo_notices":[],"authors":[{"term_id":31,"user_id":1,"is_guest":0,"slug":"ivan3vino","display_name":"Iv\u00e1n Trevi\u00f1o","avatar_url":{"url":"https:\/\/visionciudadana.com.mx\/oficial\/wp-content\/uploads\/2025\/09\/columna-ivan-Trevino.png","url2x":"https:\/\/visionciudadana.com.mx\/oficial\/wp-content\/uploads\/2025\/09\/columna-ivan-Trevino.png"},"0":null,"1":"","2":"","3":"","4":"","5":"","6":"","7":"","8":""}],"_links":{"self":[{"href":"https:\/\/visionciudadana.com.mx\/oficial\/wp-json\/wp\/v2\/posts\/13916","targetHints":{"allow":["GET"]}}],"collection":[{"href":"https:\/\/visionciudadana.com.mx\/oficial\/wp-json\/wp\/v2\/posts"}],"about":[{"href":"https:\/\/visionciudadana.com.mx\/oficial\/wp-json\/wp\/v2\/types\/post"}],"author":[{"embeddable":true,"href":"https:\/\/visionciudadana.com.mx\/oficial\/wp-json\/wp\/v2\/users\/1"}],"replies":[{"embeddable":true,"href":"https:\/\/visionciudadana.com.mx\/oficial\/wp-json\/wp\/v2\/comments?post=13916"}],"version-history":[{"count":0,"href":"https:\/\/visionciudadana.com.mx\/oficial\/wp-json\/wp\/v2\/posts\/13916\/revisions"}],"wp:featuredmedia":[{"embeddable":true,"href":"https:\/\/visionciudadana.com.mx\/oficial\/wp-json\/wp\/v2\/media\/5168"}],"wp:attachment":[{"href":"https:\/\/visionciudadana.com.mx\/oficial\/wp-json\/wp\/v2\/media?parent=13916"}],"wp:term":[{"taxonomy":"category","embeddable":true,"href":"https:\/\/visionciudadana.com.mx\/oficial\/wp-json\/wp\/v2\/categories?post=13916"},{"taxonomy":"post_tag","embeddable":true,"href":"https:\/\/visionciudadana.com.mx\/oficial\/wp-json\/wp\/v2\/tags?post=13916"},{"taxonomy":"author","embeddable":true,"href":"https:\/\/visionciudadana.com.mx\/oficial\/wp-json\/wp\/v2\/ppma_author?post=13916"}],"curies":[{"name":"wp","href":"https:\/\/api.w.org\/{rel}","templated":true}]}}