{"id":13915,"date":"2020-08-06T23:40:04","date_gmt":"2020-08-06T23:40:04","guid":{"rendered":"https:\/\/visionciudadana.com.mx\/prueba\/2020\/08\/06\/amlo-en-campana-eterna-esta-suplicando-el-turismo-presidencial-sin-beneficios-para-los-sinaloenses\/"},"modified":"2020-08-06T23:40:04","modified_gmt":"2020-08-06T23:40:04","slug":"amlo-en-campana-eterna-esta-suplicando-el-turismo-presidencial-sin-beneficios-para-los-sinaloenses","status":"publish","type":"post","link":"https:\/\/visionciudadana.com.mx\/oficial\/2020\/08\/06\/amlo-en-campana-eterna-esta-suplicando-el-turismo-presidencial-sin-beneficios-para-los-sinaloenses\/","title":{"rendered":"AMLO en campa\u00f1a eterna, est\u00e1 suplicando el turismo presidencial sin beneficios para los Sinaloenses"},"content":{"rendered":"<div><img decoding=\"async\" style=\"display: block; margin-left: auto; margin-right: auto;\" src=\"images\/2020\/agosto20\/charli_casta.PNG\" alt=\"charli casta\" \/><\/div>\n<div style=\"text-align: justify;\"><span style=\"font-size: 14pt; font-family: arial, helvetica, sans-serif;\">La gira del Presidente Andr\u00e9s Manuel L\u00f3pez Obrador que realiz\u00f3 este mi\u00e9rcoles por Sinaloa no dej\u00f3 nada de beneficio para los ciudadanos, hizo anuncios que se ya conoc\u00edan, no hubo cosas nuevas en su visita, solo se ve que es la extensi\u00f3n de una campa\u00f1a eterna, expres\u00f3 el diputado federal Carlos Casta\u00f1os Valenzuela.<\/span><\/div>\n<div style=\"text-align: justify;\"><span style=\"font-size: 14pt; font-family: arial, helvetica, sans-serif;\"><\/span><\/div>\n<div>&nbsp;<\/div>\n<div style=\"text-align: justify;\"><span style=\"font-size: 14pt; font-family: arial, helvetica, sans-serif;\">\u201cPues ya conocemos diferentes tipos de turismo, pero ahora resulta que \u00e9l est\u00e1 inaugurando el turismo presidencial porque pareciera ser que a eso viene, solo a turistear, y ahora que ya termin\u00f3 su visita tur\u00edstica, en la que por cierto solo utiliz\u00f3 el cubrebocas un ratito para sacarse la foto, esperamos que el Alcalde Estrada Ferreiro se ocupe en apoyar a las MiPymes y a la econom\u00eda familiar de Culiac\u00e1n, ya que nadie se ha preocupado por el tema \u201d, expres\u00f3 Casta\u00f1os Valenzuela.<\/span><\/div>\n<div style=\"text-align: justify;\">&nbsp;<\/div>\n<div style=\"text-align: justify;\"><span style=\"font-size: 14pt; font-family: arial, helvetica, sans-serif;\"><\/span><\/div>\n<div style=\"text-align: justify;\"><span style=\"font-size: 14pt; font-family: arial, helvetica, sans-serif;\">El Diputado Federal Panista expres\u00f3 su preocupaci\u00f3n por la falta de apoyos a las micro, peque\u00f1as y medianas empresas en Culiac\u00e1n. \u00abEs inadmisible dejar desamparadas a las MiPymes. Las empresas necesitan apoyos, no son las grandes corporaciones, sino las m\u00e1s peque\u00f1as.<\/span><\/div>\n<div style=\"text-align: justify;\"><span style=\"font-size: 14pt; font-family: arial, helvetica, sans-serif;\"><\/span><\/div>\n<div>&nbsp;<\/div>\n<div style=\"text-align: justify;\"><span style=\"font-size: 14pt; font-family: arial, helvetica, sans-serif;\">Es apoyar a la de abarrotes, a la est\u00e9tica, a la fondita. Esos comercios emplean a millones de mexicanas y mexicanos y Culiac\u00e1n no es la excepci\u00f3n, es la base de nuestra econom\u00eda y si seguimos como vamos, estamos condenando a much\u00edsimas familias a la pobreza\u00bb, finaliz\u00f3 Casta\u00f1os.<\/span><\/div>\n<div style=\"text-align: justify;\">&nbsp;<\/div>\n<div style=\"text-align: justify;\">&nbsp;<\/div>\n<div style=\"text-align: justify;\">&nbsp;<\/div>\n<div style=\"text-align: justify;\"><span style=\"font-size: 14pt; font-family: arial, helvetica, sans-serif;\">REDACCI\u00d3N\/VISI\u00d3N CIUDADANA.<\/span><\/div>\n","protected":false},"excerpt":{"rendered":"<p>La gira del Presidente Andr\u00e9s Manuel L\u00f3pez Obrador que realiz\u00f3 este mi\u00e9rcoles por Sinaloa no dej\u00f3 nada de beneficio para los ciudadanos, hizo anuncios que se ya conoc\u00edan, no hubo cosas nuevas en su visita, solo se ve que es la extensi\u00f3n de una campa\u00f1a eterna, expres\u00f3 el diputado federal Carlos Casta\u00f1os Valenzuela. &nbsp; \u201cPues [&hellip;]<\/p>\n","protected":false},"author":1,"featured_media":5166,"comment_status":"open","ping_status":"closed","sticky":false,"template":"","format":"standard","meta":{"footnotes":""},"categories":[24],"tags":[],"ppma_author":[31],"class_list":["post-13915","post","type-post","status-publish","format-standard","has-post-thumbnail","hentry","category-relevantes"],"aioseo_notices":[],"authors":[{"term_id":31,"user_id":1,"is_guest":0,"slug":"ivan3vino","display_name":"Iv\u00e1n Trevi\u00f1o","avatar_url":{"url":"https:\/\/visionciudadana.com.mx\/oficial\/wp-content\/uploads\/2025\/09\/columna-ivan-Trevino.png","url2x":"https:\/\/visionciudadana.com.mx\/oficial\/wp-content\/uploads\/2025\/09\/columna-ivan-Trevino.png"},"0":null,"1":"","2":"","3":"","4":"","5":"","6":"","7":"","8":""}],"_links":{"self":[{"href":"https:\/\/visionciudadana.com.mx\/oficial\/wp-json\/wp\/v2\/posts\/13915","targetHints":{"allow":["GET"]}}],"collection":[{"href":"https:\/\/visionciudadana.com.mx\/oficial\/wp-json\/wp\/v2\/posts"}],"about":[{"href":"https:\/\/visionciudadana.com.mx\/oficial\/wp-json\/wp\/v2\/types\/post"}],"author":[{"embeddable":true,"href":"https:\/\/visionciudadana.com.mx\/oficial\/wp-json\/wp\/v2\/users\/1"}],"replies":[{"embeddable":true,"href":"https:\/\/visionciudadana.com.mx\/oficial\/wp-json\/wp\/v2\/comments?post=13915"}],"version-history":[{"count":0,"href":"https:\/\/visionciudadana.com.mx\/oficial\/wp-json\/wp\/v2\/posts\/13915\/revisions"}],"wp:featuredmedia":[{"embeddable":true,"href":"https:\/\/visionciudadana.com.mx\/oficial\/wp-json\/wp\/v2\/media\/5166"}],"wp:attachment":[{"href":"https:\/\/visionciudadana.com.mx\/oficial\/wp-json\/wp\/v2\/media?parent=13915"}],"wp:term":[{"taxonomy":"category","embeddable":true,"href":"https:\/\/visionciudadana.com.mx\/oficial\/wp-json\/wp\/v2\/categories?post=13915"},{"taxonomy":"post_tag","embeddable":true,"href":"https:\/\/visionciudadana.com.mx\/oficial\/wp-json\/wp\/v2\/tags?post=13915"},{"taxonomy":"author","embeddable":true,"href":"https:\/\/visionciudadana.com.mx\/oficial\/wp-json\/wp\/v2\/ppma_author?post=13915"}],"curies":[{"name":"wp","href":"https:\/\/api.w.org\/{rel}","templated":true}]}}