{"id":13913,"date":"2020-08-06T23:30:15","date_gmt":"2020-08-06T23:30:15","guid":{"rendered":"https:\/\/visionciudadana.com.mx\/prueba\/2020\/08\/06\/nunca-es-tarde-para-cuidarse-mas-dr-efren-encinas\/"},"modified":"2020-08-06T23:30:15","modified_gmt":"2020-08-06T23:30:15","slug":"nunca-es-tarde-para-cuidarse-mas-dr-efren-encinas","status":"publish","type":"post","link":"https:\/\/visionciudadana.com.mx\/oficial\/2020\/08\/06\/nunca-es-tarde-para-cuidarse-mas-dr-efren-encinas\/","title":{"rendered":"Nunca es tarde para cuidarse m\u00e1s: Dr. Efr\u00e9n Encinas"},"content":{"rendered":"<p style=\"text-align: justify;\"><img decoding=\"async\" style=\"display: block; margin-left: auto; margin-right: auto;\" src=\"images\/2020\/agosto20\/nunca_es_tarde.PNG\" alt=\"nunca es tarde\" \/><\/p>\n<p class=\"x_MsoNormal\" style=\"text-align: justify;\"><span lang=\"ES\" style=\"font-size: 14pt; font-family: arial, helvetica, sans-serif;\">Dado a que las personas que padecen enfermedades cr\u00f3nico degenerativas como diabetes mellitus, hipertensi\u00f3n entre otros como c\u00e1ncer y VIH SIDA, est\u00e1n m\u00e1s expuestas a presentar complicaciones de contagiarse de COVID \u2013 19, ya que su sistema inmune se encuentra comprometido, es este sector quien debe de extremar y reforzar el tri\u00e1ngulo de la vida, reiter\u00f3 el Dr. Efr\u00e9n Encinas Torres, Secretario de Salud de Sinaloa.<\/span><\/p>\n<p class=\"x_MsoNormal\" style=\"text-align: justify;\"><span lang=\"ES\" style=\"font-size: 14pt; font-family: arial, helvetica, sans-serif;\"><\/span><\/p>\n<p class=\"x_MsoNormal\" style=\"text-align: justify;\"><span lang=\"ES\" style=\"font-size: 14pt; font-family: arial, helvetica, sans-serif;\">El titular de la salud en el estado, insisti\u00f3 en que, \u201cnunca es tarde para cuidarse m\u00e1s\u201d, pues si bien los n\u00fameros de nuevos casos positivos marcan una tendencia a la baja en los \u00faltimos d\u00edas, la poblaci\u00f3n no debe bajar la guardia en la sana distancia, lavado continuo de manos y el uso de cubre bocas.<\/span><\/p>\n<p class=\"x_MsoNormal\" style=\"text-align: justify;\"><span lang=\"ES\" style=\"font-size: 14pt; font-family: arial, helvetica, sans-serif;\"><\/span><\/p>\n<p class=\"x_MsoNormal\" style=\"text-align: justify;\"><span lang=\"ES\" style=\"font-size: 14pt; font-family: arial, helvetica, sans-serif;\">\u201cLa diabetes mellitus es una enfermedad cr\u00f3nica que afecta a cualquier edad y a cualquier g\u00e9nero masculino y femenino y tiene muchos a\u00f1os de existir y constituye un factor de riesgo que va muy de la mano ligada a la obesidad diabetes e hipertensi\u00f3n y el virus inclusive el coronavirus se ha visto que tiene un impacto directo sobre la c\u00e9lula que produce la insulina, hay personas que inclusive no son diab\u00e9ticos y durante a enfermedad desarrollan una diabetes perse y no se diga a que el caso que haya sido diabetes que como hemos se\u00f1alado la diabetes constituye un problema de salud p\u00fablica en M\u00e9xico, en nuestro pa\u00eds y Sinaloa no es la excepci\u00f3n\u201d, advirti\u00f3.<\/span><\/p>\n<p class=\"x_MsoNormal\" style=\"text-align: justify;\"><span lang=\"ES\" style=\"font-size: 14pt; font-family: arial, helvetica, sans-serif;\"><\/span><\/p>\n<p class=\"x_MsoNormal\" style=\"text-align: justify;\"><span lang=\"ES\" style=\"font-size: 14pt; font-family: arial, helvetica, sans-serif;\">Es por ello que, insisti\u00f3 a que, si una persona con alguna enfermedad como diabetes se encuentra descompensado, por lo llevar sus cuidados en medicamentos, dieta y nutrici\u00f3n, puede presentar mayor complicaci\u00f3n de enfrentarse al COVID- 19.<\/span><\/p>\n<p class=\"x_MsoNormal\" style=\"text-align: justify;\"><span lang=\"ES\" style=\"font-size: 14pt; font-family: arial, helvetica, sans-serif;\"><\/span><\/p>\n<p class=\"x_MsoNormal\" style=\"text-align: justify;\"><span lang=\"ES\" style=\"font-size: 14pt; font-family: arial, helvetica, sans-serif;\"><\/span><\/p>\n<p class=\"x_MsoNormal\" style=\"text-align: justify;\"><span lang=\"ES\" style=\"font-size: 14pt; font-family: arial, helvetica, sans-serif;\">De tal manera que aquellas personas que son diab\u00e9ticos que ya se saben conocidos como diab\u00e9ticos tienen toda la oportunidad todav\u00eda, \u201cnunca es tarde para cuidarse m\u00e1s\u201d, desde el punto de vista diab\u00e9tico, nutricional, con ejercicio, y eso les va a ayudar a que no adquieran la enfermedad, siguiendo los pasos sencillos del tri\u00e1ngulo de la vida.<\/span><\/p>\n<p class=\"x_MsoNormal\" style=\"text-align: justify;\"><span lang=\"ES\" style=\"font-size: 14pt; font-family: arial, helvetica, sans-serif;\"><\/span><\/p>\n<p style=\"text-align: justify;\">&nbsp;<\/p>\n<p style=\"text-align: justify;\"><span style=\"font-size: 14pt; font-family: arial, helvetica, sans-serif;\">REDACCI\u00d3N\/VISI\u00d3N CIUDADANA.<\/span><\/p>\n","protected":false},"excerpt":{"rendered":"<p>Dado a que las personas que padecen enfermedades cr\u00f3nico degenerativas como diabetes mellitus, hipertensi\u00f3n entre otros como c\u00e1ncer y VIH SIDA, est\u00e1n m\u00e1s expuestas a presentar complicaciones de contagiarse de COVID \u2013 19, ya que su sistema inmune se encuentra comprometido, es este sector quien debe de extremar y reforzar el tri\u00e1ngulo de la vida, [&hellip;]<\/p>\n","protected":false},"author":1,"featured_media":5162,"comment_status":"open","ping_status":"closed","sticky":false,"template":"","format":"standard","meta":{"footnotes":""},"categories":[24],"tags":[],"ppma_author":[31],"class_list":["post-13913","post","type-post","status-publish","format-standard","has-post-thumbnail","hentry","category-relevantes"],"aioseo_notices":[],"authors":[{"term_id":31,"user_id":1,"is_guest":0,"slug":"ivan3vino","display_name":"Iv\u00e1n Trevi\u00f1o","avatar_url":{"url":"https:\/\/visionciudadana.com.mx\/oficial\/wp-content\/uploads\/2025\/09\/columna-ivan-Trevino.png","url2x":"https:\/\/visionciudadana.com.mx\/oficial\/wp-content\/uploads\/2025\/09\/columna-ivan-Trevino.png"},"0":null,"1":"","2":"","3":"","4":"","5":"","6":"","7":"","8":""}],"_links":{"self":[{"href":"https:\/\/visionciudadana.com.mx\/oficial\/wp-json\/wp\/v2\/posts\/13913","targetHints":{"allow":["GET"]}}],"collection":[{"href":"https:\/\/visionciudadana.com.mx\/oficial\/wp-json\/wp\/v2\/posts"}],"about":[{"href":"https:\/\/visionciudadana.com.mx\/oficial\/wp-json\/wp\/v2\/types\/post"}],"author":[{"embeddable":true,"href":"https:\/\/visionciudadana.com.mx\/oficial\/wp-json\/wp\/v2\/users\/1"}],"replies":[{"embeddable":true,"href":"https:\/\/visionciudadana.com.mx\/oficial\/wp-json\/wp\/v2\/comments?post=13913"}],"version-history":[{"count":0,"href":"https:\/\/visionciudadana.com.mx\/oficial\/wp-json\/wp\/v2\/posts\/13913\/revisions"}],"wp:featuredmedia":[{"embeddable":true,"href":"https:\/\/visionciudadana.com.mx\/oficial\/wp-json\/wp\/v2\/posts\/5162"}],"wp:attachment":[{"href":"https:\/\/visionciudadana.com.mx\/oficial\/wp-json\/wp\/v2\/media?parent=13913"}],"wp:term":[{"taxonomy":"category","embeddable":true,"href":"https:\/\/visionciudadana.com.mx\/oficial\/wp-json\/wp\/v2\/categories?post=13913"},{"taxonomy":"post_tag","embeddable":true,"href":"https:\/\/visionciudadana.com.mx\/oficial\/wp-json\/wp\/v2\/tags?post=13913"},{"taxonomy":"author","embeddable":true,"href":"https:\/\/visionciudadana.com.mx\/oficial\/wp-json\/wp\/v2\/ppma_author?post=13913"}],"curies":[{"name":"wp","href":"https:\/\/api.w.org\/{rel}","templated":true}]}}