{"id":13912,"date":"2020-08-06T23:27:08","date_gmt":"2020-08-06T23:27:08","guid":{"rendered":"https:\/\/visionciudadana.com.mx\/prueba\/2020\/08\/06\/apoyaran-a-emprendedores-con-programa-de-incubacion-en-linea\/"},"modified":"2020-08-06T23:27:08","modified_gmt":"2020-08-06T23:27:08","slug":"apoyaran-a-emprendedores-con-programa-de-incubacion-en-linea","status":"publish","type":"post","link":"https:\/\/visionciudadana.com.mx\/oficial\/2020\/08\/06\/apoyaran-a-emprendedores-con-programa-de-incubacion-en-linea\/","title":{"rendered":"Apoyar\u00e1n a emprendedores con programa de incubaci\u00f3n en L\u00ednea"},"content":{"rendered":"<p class=\"x_MsoNormal\" style=\"text-align: justify;\" align=\"center\"><span style=\"font-size: 14pt; font-family: arial, helvetica, sans-serif;\"><b>&nbsp;<img decoding=\"async\" style=\"display: block; margin-left: auto; margin-right: auto;\" src=\"images\/2020\/agosto20\/emprendedores.PNG\" alt=\"emprendedores\" \/><\/b><\/span><\/p>\n<p class=\"x_MsoNormal\" style=\"text-align: justify;\"><span style=\"font-size: 14pt; font-family: arial, helvetica, sans-serif;\">Con la finalidad de impulsar la creaci\u00f3n de empresas en el estado, fomentando una cultura emprendedora que permita inspirar, descubrir, fundar, desarrollar y consolidar el emprendimiento en Sinaloa, el pr\u00f3ximo mi\u00e9rcoles arranca el \u201cPrograma de Incubaci\u00f3n en L\u00ednea para emprendedores\u00bb.<\/span><\/p>\n<p style=\"text-align: justify;\">&nbsp;<\/p>\n<p class=\"x_MsoNormal\" style=\"text-align: justify;\"><span style=\"font-size: 14pt; font-family: arial, helvetica, sans-serif;\">El Secretario de Econom\u00eda, Javier Liz\u00e1rraga Mercado, coment\u00f3 que gracias al convenio de la Secretar\u00eda de Econom\u00eda con ICATSIN se podr\u00e1 llevar a cabo la capacitaci\u00f3n totalmente gratuita.<\/span><\/p>\n<p style=\"text-align: justify;\">&nbsp;<\/p>\n<p class=\"x_MsoNormal\" style=\"text-align: justify;\"><span style=\"font-size: 14pt; font-family: arial, helvetica, sans-serif;\">Ser\u00e1n proyectos en etapa temprana de todo el Estado los que podr\u00e1n acceder a la capacitaci\u00f3n en l\u00ednea, quienes recibir\u00e1n su instrucci\u00f3n con un total de 20 horas de manera virtual iniciando el pr\u00f3ximo mi\u00e9rcoles 12 de agosto 2020.<\/span><\/p>\n<p style=\"text-align: justify;\">&nbsp;<\/p>\n<p class=\"x_MsoNormal\" style=\"text-align: justify;\"><span style=\"font-size: 14pt; font-family: arial, helvetica, sans-serif;\">\u201cEste programa de incubaci\u00f3n en l\u00ednea permitir\u00e1 capacitar y formar a los emprendedores en diferentes conocimientos, habilidades y competencias empresariales, trabajando un modelo de negocios con validaci\u00f3n t\u00e9cnica, financiera y comercial adaptada a la nueva normalidad. Esta ha sido la instrucci\u00f3n del Gobernador Quirino Ordaz Coppel, estar cerca apoyando a los emprendedores y a las MiPyMEs\u201d, sostuvo.<\/span><\/p>\n<p style=\"text-align: justify;\">&nbsp;<\/p>\n<p class=\"x_MsoNormal\" style=\"text-align: justify;\"><span style=\"font-size: 14pt; font-family: arial, helvetica, sans-serif;\">La Subsecretaria de Gesti\u00f3n de Fondos y Financiamiento, Morayma Yaseen Campomanes, inform\u00f3 que trabajan de forma coordinada con ICATSIN para abrir en lo sucesivo nuevos grupos de incubaci\u00f3n en l\u00ednea.<\/span><\/p>\n<p style=\"text-align: justify;\">&nbsp;<\/p>\n<p class=\"x_MsoNormal\" style=\"text-align: justify;\"><span style=\"font-size: 14pt; font-family: arial, helvetica, sans-serif;\">Invit\u00f3 a las personas interesadas a acercarse a la Secretar\u00eda de Econom\u00eda o al ICATSIN para solicitar m\u00e1s requisitos sobre este tipo de capacitaci\u00f3n en l\u00ednea.<\/span><\/p>\n<p style=\"text-align: justify;\">&nbsp;<\/p>\n<p class=\"x_MsoNormal\" style=\"text-align: justify;\"><span style=\"font-size: 14pt; font-family: arial, helvetica, sans-serif;\">Para mayor informaci\u00f3n pueden comunicarse al 800 000 4343 o al tel\u00e9fono 6677 58 70 00 extensi\u00f3n 2905 para conocer sobre los procesos de incubaci\u00f3n de nuevas ideas de negocios.<\/span><\/p>\n<p style=\"text-align: justify;\">&nbsp;<\/p>\n<p class=\"x_MsoNormal\" style=\"text-align: justify;\"><span style=\"font-size: 14pt; font-family: arial, helvetica, sans-serif;\">Consider\u00f3 que este tipo de capacitaci\u00f3n les permitir\u00e1 comprender las necesidades del negocio, el enfoque, el mercado y la estrategia comercial.<\/span><\/p>\n<p style=\"text-align: justify;\">&nbsp;<\/p>\n<p class=\"x_MsoNormal\" style=\"text-align: justify;\"><span style=\"font-size: 14pt; font-family: arial, helvetica, sans-serif;\">\u201cHoy en d\u00eda es importante que los emprendedores tengan estas alternativas, estamos en una nueva normalidad y se requiere otras estrategias para comercializar los productos y servicios\u201d, subray\u00f3.<\/span><\/p>\n<p style=\"text-align: justify;\">&nbsp;<\/p>\n<p style=\"text-align: justify;\">&nbsp;<\/p>\n<p style=\"text-align: justify;\"><span style=\"font-size: 14pt; font-family: arial, helvetica, sans-serif;\">REDACCI\u00d3N\/VISI\u00d3N CIUDADANA.<\/span><\/p>\n","protected":false},"excerpt":{"rendered":"<p>&nbsp; Con la finalidad de impulsar la creaci\u00f3n de empresas en el estado, fomentando una cultura emprendedora que permita inspirar, descubrir, fundar, desarrollar y consolidar el emprendimiento en Sinaloa, el pr\u00f3ximo mi\u00e9rcoles arranca el \u201cPrograma de Incubaci\u00f3n en L\u00ednea para emprendedores\u00bb. &nbsp; El Secretario de Econom\u00eda, Javier Liz\u00e1rraga Mercado, coment\u00f3 que gracias al convenio de [&hellip;]<\/p>\n","protected":false},"author":1,"featured_media":5160,"comment_status":"open","ping_status":"closed","sticky":false,"template":"","format":"standard","meta":{"footnotes":""},"categories":[24],"tags":[],"ppma_author":[31],"class_list":["post-13912","post","type-post","status-publish","format-standard","has-post-thumbnail","hentry","category-relevantes"],"aioseo_notices":[],"authors":[{"term_id":31,"user_id":1,"is_guest":0,"slug":"ivan3vino","display_name":"Iv\u00e1n Trevi\u00f1o","avatar_url":{"url":"https:\/\/visionciudadana.com.mx\/oficial\/wp-content\/uploads\/2025\/09\/columna-ivan-Trevino.png","url2x":"https:\/\/visionciudadana.com.mx\/oficial\/wp-content\/uploads\/2025\/09\/columna-ivan-Trevino.png"},"0":null,"1":"","2":"","3":"","4":"","5":"","6":"","7":"","8":""}],"_links":{"self":[{"href":"https:\/\/visionciudadana.com.mx\/oficial\/wp-json\/wp\/v2\/posts\/13912","targetHints":{"allow":["GET"]}}],"collection":[{"href":"https:\/\/visionciudadana.com.mx\/oficial\/wp-json\/wp\/v2\/posts"}],"about":[{"href":"https:\/\/visionciudadana.com.mx\/oficial\/wp-json\/wp\/v2\/types\/post"}],"author":[{"embeddable":true,"href":"https:\/\/visionciudadana.com.mx\/oficial\/wp-json\/wp\/v2\/users\/1"}],"replies":[{"embeddable":true,"href":"https:\/\/visionciudadana.com.mx\/oficial\/wp-json\/wp\/v2\/comments?post=13912"}],"version-history":[{"count":0,"href":"https:\/\/visionciudadana.com.mx\/oficial\/wp-json\/wp\/v2\/posts\/13912\/revisions"}],"wp:featuredmedia":[{"embeddable":true,"href":"https:\/\/visionciudadana.com.mx\/oficial\/wp-json\/wp\/v2\/posts\/5160"}],"wp:attachment":[{"href":"https:\/\/visionciudadana.com.mx\/oficial\/wp-json\/wp\/v2\/media?parent=13912"}],"wp:term":[{"taxonomy":"category","embeddable":true,"href":"https:\/\/visionciudadana.com.mx\/oficial\/wp-json\/wp\/v2\/categories?post=13912"},{"taxonomy":"post_tag","embeddable":true,"href":"https:\/\/visionciudadana.com.mx\/oficial\/wp-json\/wp\/v2\/tags?post=13912"},{"taxonomy":"author","embeddable":true,"href":"https:\/\/visionciudadana.com.mx\/oficial\/wp-json\/wp\/v2\/ppma_author?post=13912"}],"curies":[{"name":"wp","href":"https:\/\/api.w.org\/{rel}","templated":true}]}}