{"id":13910,"date":"2020-08-06T23:18:18","date_gmt":"2020-08-06T23:18:18","guid":{"rendered":"https:\/\/visionciudadana.com.mx\/prueba\/2020\/08\/06\/entregadas-las-pruebas-contundentes-para-remover-a-marco-zazueta-dip-sergio-jacobo\/"},"modified":"2020-08-06T23:18:18","modified_gmt":"2020-08-06T23:18:18","slug":"entregadas-las-pruebas-contundentes-para-remover-a-marco-zazueta-dip-sergio-jacobo","status":"publish","type":"post","link":"https:\/\/visionciudadana.com.mx\/oficial\/2020\/08\/06\/entregadas-las-pruebas-contundentes-para-remover-a-marco-zazueta-dip-sergio-jacobo\/","title":{"rendered":"Entregadas las pruebas contundentes para remover a Marco Zazueta: Dip. Sergio Jacobo"},"content":{"rendered":"<p style=\"text-align: justify;\"><img decoding=\"async\" style=\"display: block; margin-left: auto; margin-right: auto;\" src=\"images\/2020\/agosto20\/pruebas_contundentes.PNG\" alt=\"pruebas contundentes\" \/><\/p>\n<p class=\"x_MsoNormal\" style=\"text-align: justify;\" align=\"right\"><span style=\"font-size: 14pt; font-family: arial, helvetica, sans-serif;\">\u201cMantenemos firme nuestra solicitud de remover al diputado Marco Antonio Zazueta como presidente de la Comisi\u00f3n de Fiscalizaci\u00f3n, por su evidente irresponsabilidad e incompetencia y las reiteradas violaciones a la ilegalidad en que ha incurrido en su desempe\u00f1o\u201d, afirm\u00f3 Sergio Jacobo Guti\u00e9rrez, coordinador del Grupo Parlamentario del PRI en el Congreso del Estado.<\/span><\/p>\n<p style=\"text-align: justify;\">&nbsp;<\/p>\n<p class=\"x_MsoNormal\" style=\"text-align: justify;\"><span style=\"font-size: 14pt; font-family: arial, helvetica, sans-serif;\">El legislador pri\u00edsta inform\u00f3 que atendiendo al acuerdo de la Junta de Coordinaci\u00f3n Pol\u00edtica, est\u00e1n entregando a los integrantes de dicho \u00f3rgano legislativo todas las pruebas en que sustentan la propuesta para remover a Marco Zazueta.<\/span><\/p>\n<p style=\"text-align: justify;\">&nbsp;<\/p>\n<p class=\"x_MsoNormal\" style=\"text-align: justify;\"><span style=\"font-size: 14pt; font-family: arial, helvetica, sans-serif;\">\u201cEstamos hablando de un conjunto muy amplio de pruebas, que son claras y contundentes, en las que se incluyen documentales p\u00fablicas, audios, videos, diario de los debates e informes, con las que se demuestra plenamente que el presidente de la Comisi\u00f3n de Fiscalizaci\u00f3n&nbsp; ha violentado sistem\u00e1ticamente la legalidad\u201d, dijo Sergio Jacobo.<\/span><\/p>\n<p style=\"text-align: justify;\">&nbsp;<\/p>\n<p class=\"x_MsoNormal\" style=\"text-align: justify;\"><span style=\"font-size: 14pt; font-family: arial, helvetica, sans-serif;\">El coordinador del Grupo Parlamentario del PRI, revel\u00f3 que las acusaciones espec\u00edficas en contra del diputado Marco Antonio Zazueta tienen que ver con su actuaci\u00f3n en la revisi\u00f3n de los informes de cuentas p\u00fablicas de 2017 y 2018, al promover la aprobaci\u00f3n de dict\u00e1menes con informaci\u00f3n preliminar y sin haberse agotado el proceso fiscalizaci\u00f3n que establece la ley, as\u00ed como por no respetar las determinaciones t\u00e9cnicas de la ASE y presentar los dict\u00e1menes en formato de Acuerdo y no de Decreto.&nbsp;<\/span><\/p>\n<p style=\"text-align: justify;\">&nbsp;<\/p>\n<p class=\"x_MsoNormal\" style=\"text-align: justify;\"><span style=\"font-size: 14pt; font-family: arial, helvetica, sans-serif;\">Para el l\u00edder de las diputadas y diputados pri\u00edstas \u201cestas son faltas sumamente graves, que justifican la remoci\u00f3n de Marco Zazueta como presidente de la Comisi\u00f3n de Fiscalizaci\u00f3n, debido a que ha comprometido seriamente el trabajo del Congreso del Estado\u201d.<\/span><\/p>\n<p style=\"text-align: justify;\">&nbsp;<\/p>\n<p class=\"x_MsoNormal\" style=\"text-align: justify;\"><span style=\"font-size: 14pt; font-family: arial, helvetica, sans-serif;\">Jacobo Guti\u00e9rrez record\u00f3 que a la fecha no ha concluido el proceso legislativo relativo a la revisi\u00f3n de la cuenta p\u00fablica 2017, debido a las ilegalidades en que incurri\u00f3 la Comisi\u00f3n de Fiscalizaci\u00f3n y el pleno del Congreso, que motivaron que el Ejecutivo Estatal, en el marco de sus atribuciones, formular\u00e1 observaciones a los decretos.<\/span><\/p>\n<p style=\"text-align: justify;\">&nbsp;<\/p>\n<p class=\"x_MsoNormal\" style=\"text-align: justify;\"><span style=\"font-size: 14pt; font-family: arial, helvetica, sans-serif;\">\u201cY ahora, respecto a la revisi\u00f3n de la cuenta p\u00fablica del 2018 se est\u00e1 repitiendo la misma historia, con nuevas y m\u00e1s graves violaciones a la legalidad, y en ello tiene una responsabilidad directa Marco Zazueta, por lo que debe ser removido como Presidente de la Comisi\u00f3n de Fiscalizaci\u00f3n\u201d, se\u00f1al\u00f3 el Coordinador de las y los diputados del PRI.<\/span><\/p>\n<p style=\"text-align: justify;\">&nbsp;<\/p>\n<p class=\"x_MsoNormal\" style=\"text-align: justify;\"><span style=\"font-size: 14pt; font-family: arial, helvetica, sans-serif;\">En el escrito de ofrecimiento de pruebas, dirigido a la presidenta de la Junta de Coordinaci\u00f3n Pol\u00edtica,&nbsp; Sergio Jacobo propone la integraci\u00f3n de una Comisi\u00f3n Especial, plural, para evaluar con objetividad, imparcialidad y legalidad la solicitud de remoci\u00f3n.<\/span><\/p>\n<p style=\"text-align: justify;\">&nbsp;<\/p>\n<p class=\"x_MsoNormal\" style=\"text-align: justify;\"><span style=\"font-size: 14pt; font-family: arial, helvetica, sans-serif;\">\u201cLa Comisi\u00f3n Especial debe contrastar lo establecido en la Constituci\u00f3n local, en la Ley de la ASE y en las pruebas que estamos ofreciendo, con la conducta asumida por el presidente de la Comisi\u00f3n de Fiscalizaci\u00f3n, y ah\u00ed quedar\u00e1 clara la forma en que ha transgredido la legalidad en perjuicio del inter\u00e9s p\u00fablico y del trabajo del Congreso el Estado\u201d, asever\u00f3 el legislador pri\u00edsta.<\/span><\/p>\n<p style=\"text-align: justify;\">&nbsp;<\/p>\n<p style=\"text-align: justify;\"><span style=\"font-size: 14pt; font-family: arial, helvetica, sans-serif;\">REDACCI\u00d3N\/VISION CIUDADANA.<\/span><\/p>\n","protected":false},"excerpt":{"rendered":"<p>\u201cMantenemos firme nuestra solicitud de remover al diputado Marco Antonio Zazueta como presidente de la Comisi\u00f3n de Fiscalizaci\u00f3n, por su evidente irresponsabilidad e incompetencia y las reiteradas violaciones a la ilegalidad en que ha incurrido en su desempe\u00f1o\u201d, afirm\u00f3 Sergio Jacobo Guti\u00e9rrez, coordinador del Grupo Parlamentario del PRI en el Congreso del Estado. &nbsp; El [&hellip;]<\/p>\n","protected":false},"author":1,"featured_media":5156,"comment_status":"open","ping_status":"closed","sticky":false,"template":"","format":"standard","meta":{"footnotes":""},"categories":[24],"tags":[],"ppma_author":[31],"class_list":["post-13910","post","type-post","status-publish","format-standard","has-post-thumbnail","hentry","category-relevantes"],"aioseo_notices":[],"authors":[{"term_id":31,"user_id":1,"is_guest":0,"slug":"ivan3vino","display_name":"Iv\u00e1n Trevi\u00f1o","avatar_url":{"url":"https:\/\/visionciudadana.com.mx\/oficial\/wp-content\/uploads\/2025\/09\/columna-ivan-Trevino.png","url2x":"https:\/\/visionciudadana.com.mx\/oficial\/wp-content\/uploads\/2025\/09\/columna-ivan-Trevino.png"},"0":null,"1":"","2":"","3":"","4":"","5":"","6":"","7":"","8":""}],"_links":{"self":[{"href":"https:\/\/visionciudadana.com.mx\/oficial\/wp-json\/wp\/v2\/posts\/13910","targetHints":{"allow":["GET"]}}],"collection":[{"href":"https:\/\/visionciudadana.com.mx\/oficial\/wp-json\/wp\/v2\/posts"}],"about":[{"href":"https:\/\/visionciudadana.com.mx\/oficial\/wp-json\/wp\/v2\/types\/post"}],"author":[{"embeddable":true,"href":"https:\/\/visionciudadana.com.mx\/oficial\/wp-json\/wp\/v2\/users\/1"}],"replies":[{"embeddable":true,"href":"https:\/\/visionciudadana.com.mx\/oficial\/wp-json\/wp\/v2\/comments?post=13910"}],"version-history":[{"count":0,"href":"https:\/\/visionciudadana.com.mx\/oficial\/wp-json\/wp\/v2\/posts\/13910\/revisions"}],"wp:featuredmedia":[{"embeddable":true,"href":"https:\/\/visionciudadana.com.mx\/oficial\/wp-json\/wp\/v2\/posts\/5156"}],"wp:attachment":[{"href":"https:\/\/visionciudadana.com.mx\/oficial\/wp-json\/wp\/v2\/media?parent=13910"}],"wp:term":[{"taxonomy":"category","embeddable":true,"href":"https:\/\/visionciudadana.com.mx\/oficial\/wp-json\/wp\/v2\/categories?post=13910"},{"taxonomy":"post_tag","embeddable":true,"href":"https:\/\/visionciudadana.com.mx\/oficial\/wp-json\/wp\/v2\/tags?post=13910"},{"taxonomy":"author","embeddable":true,"href":"https:\/\/visionciudadana.com.mx\/oficial\/wp-json\/wp\/v2\/ppma_author?post=13910"}],"curies":[{"name":"wp","href":"https:\/\/api.w.org\/{rel}","templated":true}]}}