{"id":13909,"date":"2020-08-06T23:13:57","date_gmt":"2020-08-06T23:13:57","guid":{"rendered":"https:\/\/visionciudadana.com.mx\/prueba\/2020\/08\/06\/seguiran-cerrados-los-campos-deportivos-a-eventos-masivos-en-navolato\/"},"modified":"2020-08-06T23:13:57","modified_gmt":"2020-08-06T23:13:57","slug":"seguiran-cerrados-los-campos-deportivos-a-eventos-masivos-en-navolato","status":"publish","type":"post","link":"https:\/\/visionciudadana.com.mx\/oficial\/2020\/08\/06\/seguiran-cerrados-los-campos-deportivos-a-eventos-masivos-en-navolato\/","title":{"rendered":"Seguir\u00e1n cerrados los campos deportivos a eventos masivos en Navolato"},"content":{"rendered":"<p style=\"text-align: justify;\"><img decoding=\"async\" style=\"display: block; margin-left: auto; margin-right: auto;\" src=\"images\/2020\/agosto20\/cerrados.PNG\" alt=\"cerrados\" \/><\/p>\n<p style=\"text-align: justify;\"><span style=\"font-size: 14pt; font-family: arial, helvetica, sans-serif;\">El alcalde de Navolato, Eliazar Guti\u00e9rrez Angulo, dio a conocer que debido a que en los \u00faltimos d\u00edas aument\u00f3 el n\u00famero de contagios de COVID-19 en este municipio, seguir\u00e1n cerrados los campos deportivos a eventos masivos, para evitar la propagaci\u00f3n de esta enfermedad.<\/span><\/p>\n<p style=\"text-align: justify;\">\n<p><span style=\"font-size: 14pt; font-family: arial, helvetica, sans-serif;\">El mun\u00edcipe solicit\u00f3 el apoyo y comprensi\u00f3n de la comunidad deportiva, as\u00ed como de la sociedad en general, para respaldar esta importante medida que tiene como \u00fanica finalidad, cuidar y proteger la salud de las familias, durante la etapa de la nueva normalidad de la emergencia sanitaria del coronavirus.<\/span><\/p>\n<p style=\"text-align: justify;\">\n<p><span style=\"font-size: 14pt; font-family: arial, helvetica, sans-serif;\">Dijo el alcalde navolatense que s\u00f3lo se permitir\u00e1 a las personas acudir a los espacios deportivos para caminar, correr y realizar un poco de actividad f\u00edsica, pero hizo el llamado para que cumplan con las medidas preventivas para evitar contagios. En el caso de los campos Juventud y Mounstro Verde, abrir\u00e1n sus puertas al p\u00fablico a partir del lunes, y habr\u00e1 control en el acceso por parte del personal del IMDEN.<\/span><\/p>\n<p style=\"text-align: justify;\">\n<p><span style=\"font-size: 14pt; font-family: arial, helvetica, sans-serif;\">\u201cEst\u00e1 prohibido la aglomeraci\u00f3n de personas en los campos deportivos, porque lo que pretendemos, es mantener a la baja las estad\u00edsticas de contagios, y para lograrlo necesitamos del apoyo de la sociedad, en un trabajo coordinado con el Gobierno, para cumplir con las medidas preventivas emitidas por las autoridades de Salud, como lo son el uso de cubrebocas, respetar la sana distancia, lavarse las manos de manera constante y evitar eventos masivos\u201d, dio a conocer el mandatario municipal, Eliazar Guti\u00e9rrez.<\/span><\/p>\n<p style=\"text-align: justify;\">\n<p><span style=\"font-size: 14pt; font-family: arial, helvetica, sans-serif;\">Explic\u00f3 que para mantener activos a los ni\u00f1os deportistas, el Instituto Municipal del Deporte y Cultura F\u00edsica de Navolato, a cargo de Marco Antonio Garc\u00eda, lleva a cabo de manera estrat\u00e9gica algunas actividades, y actualmente tienen en marcha \u201cEl Campamento Interactivo de Verano Virtual 2020\u201d, en el cual participan las disciplinas de futbol, b\u00e1squet bol, voleibol, b\u00e9isbol, luchas atletismo, box, y para motivar a los participantes, les obsequiar\u00e1n algunos regalos.<\/span><\/p>\n<p style=\"text-align: justify;\">\n<p><span style=\"font-size: 14pt; font-family: arial, helvetica, sans-serif;\">Por \u00faltimo coment\u00f3 el alcalde navolatense que no existe fecha para reactivar los eventos deportivos en los campos, pero todo depender\u00e1 de las estad\u00edsticas de contagios, para ir normalizando poco a poco las actividades.<\/span><\/p>\n<p style=\"text-align: justify;\">&nbsp;<\/p>\n<p style=\"text-align: justify;\"><span style=\"font-size: 14pt; font-family: arial, helvetica, sans-serif;\">REDACCI\u00d3N\/VISI\u00d3N CIUDADANA.<\/span><\/p>\n","protected":false},"excerpt":{"rendered":"<p>El alcalde de Navolato, Eliazar Guti\u00e9rrez Angulo, dio a conocer que debido a que en los \u00faltimos d\u00edas aument\u00f3 el n\u00famero de contagios de COVID-19 en este municipio, seguir\u00e1n cerrados los campos deportivos a eventos masivos, para evitar la propagaci\u00f3n de esta enfermedad. El mun\u00edcipe solicit\u00f3 el apoyo y comprensi\u00f3n de la comunidad deportiva, as\u00ed [&hellip;]<\/p>\n","protected":false},"author":1,"featured_media":5154,"comment_status":"open","ping_status":"closed","sticky":false,"template":"","format":"standard","meta":{"footnotes":""},"categories":[24],"tags":[],"ppma_author":[31],"class_list":["post-13909","post","type-post","status-publish","format-standard","has-post-thumbnail","hentry","category-relevantes"],"aioseo_notices":[],"authors":[{"term_id":31,"user_id":1,"is_guest":0,"slug":"ivan3vino","display_name":"Iv\u00e1n Trevi\u00f1o","avatar_url":{"url":"https:\/\/visionciudadana.com.mx\/oficial\/wp-content\/uploads\/2025\/09\/columna-ivan-Trevino.png","url2x":"https:\/\/visionciudadana.com.mx\/oficial\/wp-content\/uploads\/2025\/09\/columna-ivan-Trevino.png"},"0":null,"1":"","2":"","3":"","4":"","5":"","6":"","7":"","8":""}],"_links":{"self":[{"href":"https:\/\/visionciudadana.com.mx\/oficial\/wp-json\/wp\/v2\/posts\/13909","targetHints":{"allow":["GET"]}}],"collection":[{"href":"https:\/\/visionciudadana.com.mx\/oficial\/wp-json\/wp\/v2\/posts"}],"about":[{"href":"https:\/\/visionciudadana.com.mx\/oficial\/wp-json\/wp\/v2\/types\/post"}],"author":[{"embeddable":true,"href":"https:\/\/visionciudadana.com.mx\/oficial\/wp-json\/wp\/v2\/users\/1"}],"replies":[{"embeddable":true,"href":"https:\/\/visionciudadana.com.mx\/oficial\/wp-json\/wp\/v2\/comments?post=13909"}],"version-history":[{"count":0,"href":"https:\/\/visionciudadana.com.mx\/oficial\/wp-json\/wp\/v2\/posts\/13909\/revisions"}],"wp:featuredmedia":[{"embeddable":true,"href":"https:\/\/visionciudadana.com.mx\/oficial\/wp-json\/wp\/v2\/media\/5154"}],"wp:attachment":[{"href":"https:\/\/visionciudadana.com.mx\/oficial\/wp-json\/wp\/v2\/media?parent=13909"}],"wp:term":[{"taxonomy":"category","embeddable":true,"href":"https:\/\/visionciudadana.com.mx\/oficial\/wp-json\/wp\/v2\/categories?post=13909"},{"taxonomy":"post_tag","embeddable":true,"href":"https:\/\/visionciudadana.com.mx\/oficial\/wp-json\/wp\/v2\/tags?post=13909"},{"taxonomy":"author","embeddable":true,"href":"https:\/\/visionciudadana.com.mx\/oficial\/wp-json\/wp\/v2\/ppma_author?post=13909"}],"curies":[{"name":"wp","href":"https:\/\/api.w.org\/{rel}","templated":true}]}}