{"id":13908,"date":"2020-08-06T23:09:08","date_gmt":"2020-08-06T23:09:08","guid":{"rendered":"https:\/\/visionciudadana.com.mx\/prueba\/2020\/08\/06\/implementara-la-uas-una-reduccion-en-sus-cuotas-de-inscripcion\/"},"modified":"2020-08-06T23:09:08","modified_gmt":"2020-08-06T23:09:08","slug":"implementara-la-uas-una-reduccion-en-sus-cuotas-de-inscripcion","status":"publish","type":"post","link":"https:\/\/visionciudadana.com.mx\/oficial\/2020\/08\/06\/implementara-la-uas-una-reduccion-en-sus-cuotas-de-inscripcion\/","title":{"rendered":"Implementar\u00e1 la UAS una reducci\u00f3n en sus cuotas de inscripci\u00f3n"},"content":{"rendered":"<p class=\"x_MsoNormal\" style=\"text-align: justify;\"><b><span lang=\"ES\">&nbsp;<img decoding=\"async\" style=\"display: block; margin-left: auto; margin-right: auto;\" src=\"images\/2020\/agosto20\/cuotas_inscrip.PNG\" alt=\"cuotas inscrip\" \/><\/span><\/b><\/p>\n<p class=\"x_MsoNormal\" style=\"text-align: justify;\"><span lang=\"ES\" style=\"font-size: 14pt; font-family: arial, helvetica, sans-serif;\">Asumiendo su compromiso social y de solidaridad con las familias sinaloenses, la Universidad Aut\u00f3noma de Sinaloa (UAS) implementar\u00e1 una reducci\u00f3n en sus cuotas de inscripci\u00f3n para el nuevo Ciclo Escolar 2020-2021 en nivel bachillerato, que ir\u00e1n desde un 23 a un 56 por ciento, as\u00ed lo dio a conocer el Rector, doctor Juan Eulogio Guerra Liera.<\/span><\/p>\n<p class=\"x_MsoNormal\" style=\"text-align: justify;\"><span style=\"font-size: 14pt; font-family: arial, helvetica, sans-serif;\"><b><span lang=\"ES\"><\/span><\/b><\/span><\/p>\n<p class=\"x_MsoNormal\" style=\"text-align: justify;\"><span style=\"font-size: 14pt; font-family: arial, helvetica, sans-serif;\">\u201cNo s\u00f3lo no hay incremento de cuotas, sino que se est\u00e1 haciendo un estudio para tener una reducci\u00f3n en las mismas, esto implica que estaremos trabajando sobre todo en aquellos aspectos que de manera virtual no lo requieren, se estar\u00e1 quitando del cobro que aqu\u00ed se hace anual (\u2026) en bachillerato tendremos una reducci\u00f3n que va desde un 23 a un 56 por ciento de las cuotas, porque estamos tratando de ajustar a la necesidad tratando de que se pague lo que se requiere en una modalidad virtual\u201d, dijo.<\/span><\/p>\n<p class=\"x_MsoNormal\" style=\"text-align: justify;\"><span style=\"font-size: 14pt; font-family: arial, helvetica, sans-serif;\">Como ejemplo cit\u00f3 que los alumnos de nuevo ingreso a las preparatorias de la UAS pagan un monto que incluye una playera del uniforme, se dejar\u00e1 de cobrar esa cuota porque las clases ser\u00e1n virtuales.<\/span><\/p>\n<p>&nbsp;<\/p>\n<p class=\"x_MsoNormal\" style=\"text-align: justify;\"><span style=\"font-size: 14pt; font-family: arial, helvetica, sans-serif;\">\u201cHay una cuota de 600 pesos que se estar\u00e1 dejando de pedir que es el costo de los libros para el nivel medio superior y que en alg\u00fan momento dec\u00edamos que ese costo de 600 pesos de manera comercial sale arriba de los mil 200 o mil 300 pesos, bueno, dejar\u00e1n de pagar eso, pero no dejar\u00e1n de recibirlos de manera electr\u00f3nica, estar\u00e1n disponibles en plataforma los podr\u00e1n bajar y trabajar con ellos\u201d, adelant\u00f3.<\/span><\/p>\n<p>&nbsp;<\/p>\n<p class=\"x_MsoNormal\" style=\"text-align: justify;\"><span style=\"font-size: 14pt; font-family: arial, helvetica, sans-serif;\">Guerra Liera agreg\u00f3 que antes del inicio de clases se dar\u00e1n a conocer estos ajustes ya que est\u00e1 trabajando en ellos el \u00e1rea de Administraci\u00f3n y Finanzas.<\/span><\/p>\n<p>&nbsp;<\/p>\n<p class=\"x_MsoNormal\" style=\"text-align: justify;\"><span style=\"font-size: 14pt; font-family: arial, helvetica, sans-serif;\">\u201cEsto va a ser en beneficio de los j\u00f3venes, de las econom\u00edas de los j\u00f3venes que muchos de ellos vienen de hogares donde se perdi\u00f3 el empleo o disminuyeron los salarios\u201d, opin\u00f3 y a\u00f1adi\u00f3 que en el caso de los j\u00f3venes que no alcanzaron a entregar sus documentos f\u00edsicamente en las escuelas, no tendr\u00e1n ning\u00fan problema y ya est\u00e1n dentro de la Universidad y ya se analiza la forma de c\u00f3mo recibir esos documentos.<\/span><\/p>\n<p class=\"x_MsoNormal\" style=\"text-align: justify;\"><span style=\"font-size: 14pt; font-family: arial, helvetica, sans-serif;\"><b><span lang=\"ES\"><\/span><\/b><\/span><\/p>\n<p class=\"x_MsoNormal\" style=\"text-align: justify;\"><span style=\"font-size: 14pt; font-family: arial, helvetica, sans-serif;\"><span lang=\"ES\">Se\u00f1al\u00f3 que a\u00fan con la pandemia, la Universidad ha mantenido una actividad permanente que le permiti\u00f3 transitar y culminar adecuadamente el Ciclo Escolar 2019-2020 donde m\u00e1s de&nbsp;<\/span>3 mil 534 grupos fueron atendidos de manera virtual, mil 935 de ellos en el nivel superior, y mil 599 en el nivel medio superior, cerca de 5 mil maestros trabajaron adecuadamente y se implementaron cerca de 12 mil cursos.<\/span><\/p>\n<p style=\"text-align: justify;\">&nbsp;<\/p>\n<p class=\"x_MsoNormal\" style=\"text-align: justify;\"><span style=\"font-size: 14pt; font-family: arial, helvetica, sans-serif;\">Reiter\u00f3 que los aspirantes a ingresar al bachillerato de la UAS no presentar\u00e1n examen CENEVAL, de tal forma que 20 mil 271 j\u00f3venes, es decir el 44.7 por ciento de la demanda de ingreso, que terminaron su procedimiento de inscripci\u00f3n entrar\u00e1n a la Universidad, mientras que los que desean ingresar al nivel superior, s\u00ed presentar\u00e1n examen de manera virtual.<\/span><\/p>\n<p style=\"text-align: justify;\">&nbsp;<\/p>\n<p class=\"x_MsoNormal\" style=\"text-align: justify;\"><span style=\"font-size: 14pt; font-family: arial, helvetica, sans-serif;\">En este punto el Rector calific\u00f3 de preocupante que este d\u00eda, en medio de la pandemia, en el centro del pa\u00eds 324 mil j\u00f3venes presentar\u00e1n de manera presencial el examen para ingresar al nivel medio superior porque a\u00fan tom\u00e1ndose medidas sanitarias implica un gran riesgo de contagio.<\/span><\/p>\n<p style=\"text-align: justify;\">&nbsp;<\/p>\n<p class=\"x_MsoNormal\" style=\"text-align: justify;\"><span style=\"font-size: 14pt; font-family: arial, helvetica, sans-serif;\">Precis\u00f3 que en la UAS se iniciar\u00e1 el nuevo Ciclo Escolar 2020-2021 el lunes 10 de agosto, pero ser\u00e1 aplic\u00e1ndose un modelo mixto, donde las clases ser\u00e1n totalmente de manera virtual y estas iniciar\u00e1n el 28 de septiembre, mientras que las funciones administrativas contar\u00e1n con un m\u00ednimo de personal en sus oficinas.<\/span><\/p>\n<p style=\"text-align: justify;\">&nbsp;<\/p>\n<p class=\"x_MsoNormal\" style=\"text-align: justify;\"><span style=\"font-size: 14pt; font-family: arial, helvetica, sans-serif;\">Inform\u00f3 que se elabora una especie de padr\u00f3n de todas las unidades acad\u00e9micas y organizacionales para detallar el n\u00famero de trabajadores, su edad y factores de vulnerabilidad respecto al Coronavirus, incluye a trabajadoras embarazadas, en lactancia y con ni\u00f1os peque\u00f1os, con el fin de tener a este personal resguardado y protegido, pero seguir con las funciones nodales, de tal forma que el 10 de agosto habr\u00e1 una representatividad m\u00ednima en las oficinas y se les proporcionar\u00e1n caretas y gel.<\/span><\/p>\n<p style=\"text-align: justify;\">&nbsp;<\/p>\n<p class=\"x_MsoNormal\" style=\"text-align: justify;\"><span style=\"font-size: 14pt; font-family: arial, helvetica, sans-serif;\">Explic\u00f3 que a nivel nacional se anunci\u00f3 que las clases iniciar\u00edan virtualmente el 24 de agosto, pero se respetar\u00e1 la autonom\u00eda de las instituciones, de tal forma que la Casa Rosalina establece su calendario escolar y se refiri\u00f3 a un posicionamiento difundido por ANUIES a nivel nacional donde se asume que no hay las condiciones para iniciar el nuevo ciclo de manera presencial derivado de la pandemia, firmado por la UAS como parte del Consejo Nacional de Rectores de esta Asociaci\u00f3n.<\/span><\/p>\n<p style=\"text-align: justify;\">&nbsp;<\/p>\n<p class=\"x_MsoNormal\" style=\"text-align: justify;\"><span style=\"font-size: 14pt; font-family: arial, helvetica, sans-serif;\">\u201cEste documento marca el compromiso de ANUIES por seguir coordin\u00e1ndonos y seguir trabajando adecuadamente con los objetivos de cumplir, sin perder la calidad, con lo que hoy se demanda que es una mejor educaci\u00f3n incluyente, una educaci\u00f3n con una mayor cobertura y que trascienda al siguiente nivel con excelentes elementos de preparaci\u00f3n para nuestros j\u00f3venes\u201d, expres\u00f3.<\/span><\/p>\n<p style=\"text-align: justify;\">&nbsp;<\/p>\n<p class=\"x_MsoNormal\" style=\"text-align: justify;\"><span style=\"font-size: 14pt; font-family: arial, helvetica, sans-serif;\">Por \u00faltimo, reiter\u00f3 el llamado de seguir las medidas de protecci\u00f3n contra la pandemia como el uso de cubrebocas, gel y caretas, a cuidarse y cuidar a los dem\u00e1s.<\/span><\/p>\n<p style=\"text-align: justify;\">&nbsp;<\/p>\n<p style=\"text-align: justify;\">&nbsp;<\/p>\n<p style=\"text-align: justify;\"><span style=\"font-size: 14pt; font-family: arial, helvetica, sans-serif;\">REDACCI\u00d3N\/VISI\u00d3N CIUDADANA.<\/span><\/p>\n","protected":false},"excerpt":{"rendered":"<p>&nbsp; Asumiendo su compromiso social y de solidaridad con las familias sinaloenses, la Universidad Aut\u00f3noma de Sinaloa (UAS) implementar\u00e1 una reducci\u00f3n en sus cuotas de inscripci\u00f3n para el nuevo Ciclo Escolar 2020-2021 en nivel bachillerato, que ir\u00e1n desde un 23 a un 56 por ciento, as\u00ed lo dio a conocer el Rector, doctor Juan Eulogio [&hellip;]<\/p>\n","protected":false},"author":1,"featured_media":5152,"comment_status":"open","ping_status":"closed","sticky":false,"template":"","format":"standard","meta":{"footnotes":""},"categories":[24],"tags":[],"ppma_author":[31],"class_list":["post-13908","post","type-post","status-publish","format-standard","has-post-thumbnail","hentry","category-relevantes"],"aioseo_notices":[],"authors":[{"term_id":31,"user_id":1,"is_guest":0,"slug":"ivan3vino","display_name":"Iv\u00e1n Trevi\u00f1o","avatar_url":{"url":"https:\/\/visionciudadana.com.mx\/oficial\/wp-content\/uploads\/2025\/09\/columna-ivan-Trevino.png","url2x":"https:\/\/visionciudadana.com.mx\/oficial\/wp-content\/uploads\/2025\/09\/columna-ivan-Trevino.png"},"0":null,"1":"","2":"","3":"","4":"","5":"","6":"","7":"","8":""}],"_links":{"self":[{"href":"https:\/\/visionciudadana.com.mx\/oficial\/wp-json\/wp\/v2\/posts\/13908","targetHints":{"allow":["GET"]}}],"collection":[{"href":"https:\/\/visionciudadana.com.mx\/oficial\/wp-json\/wp\/v2\/posts"}],"about":[{"href":"https:\/\/visionciudadana.com.mx\/oficial\/wp-json\/wp\/v2\/types\/post"}],"author":[{"embeddable":true,"href":"https:\/\/visionciudadana.com.mx\/oficial\/wp-json\/wp\/v2\/users\/1"}],"replies":[{"embeddable":true,"href":"https:\/\/visionciudadana.com.mx\/oficial\/wp-json\/wp\/v2\/comments?post=13908"}],"version-history":[{"count":0,"href":"https:\/\/visionciudadana.com.mx\/oficial\/wp-json\/wp\/v2\/posts\/13908\/revisions"}],"wp:featuredmedia":[{"embeddable":true,"href":"https:\/\/visionciudadana.com.mx\/oficial\/wp-json\/wp\/v2\/posts\/5152"}],"wp:attachment":[{"href":"https:\/\/visionciudadana.com.mx\/oficial\/wp-json\/wp\/v2\/media?parent=13908"}],"wp:term":[{"taxonomy":"category","embeddable":true,"href":"https:\/\/visionciudadana.com.mx\/oficial\/wp-json\/wp\/v2\/categories?post=13908"},{"taxonomy":"post_tag","embeddable":true,"href":"https:\/\/visionciudadana.com.mx\/oficial\/wp-json\/wp\/v2\/tags?post=13908"},{"taxonomy":"author","embeddable":true,"href":"https:\/\/visionciudadana.com.mx\/oficial\/wp-json\/wp\/v2\/ppma_author?post=13908"}],"curies":[{"name":"wp","href":"https:\/\/api.w.org\/{rel}","templated":true}]}}