{"id":13899,"date":"2020-08-05T23:08:25","date_gmt":"2020-08-05T23:08:25","guid":{"rendered":"https:\/\/visionciudadana.com.mx\/prueba\/2020\/08\/05\/en-sinaloa-sumamos-esfuerzos-y-voluntades-amlo\/"},"modified":"2020-08-05T23:08:25","modified_gmt":"2020-08-05T23:08:25","slug":"en-sinaloa-sumamos-esfuerzos-y-voluntades-amlo","status":"publish","type":"post","link":"https:\/\/visionciudadana.com.mx\/oficial\/2020\/08\/05\/en-sinaloa-sumamos-esfuerzos-y-voluntades-amlo\/","title":{"rendered":"En Sinaloa sumamos esfuerzos y voluntades: AMLO"},"content":{"rendered":"<p><img decoding=\"async\" style=\"display: block; margin-left: auto; margin-right: auto;\" src=\"images\/2020\/agosto20\/en_sinaloa_sumamos.PNG\" alt=\"en sinaloa sumamos\" \/><\/p>\n<p style=\"text-align: justify;\"><span style=\"font-size: 14pt; font-family: arial, helvetica, sans-serif;\">De visita por Sinaloa, el Presidente de la Rep\u00fablica, Andr\u00e9s Manuel L\u00f3pez Obrador, afirm\u00f3 que en esta entidad se suman esfuerzos y voluntades con el gobierno de Quirino Ordaz Coppel, poniendo por delante el inter\u00e9s del pueblo, de Sinaloa y de la naci\u00f3n, y destac\u00f3 que hay buenos resultados en diversas materias como seguridad e inversi\u00f3n en obra p\u00fablica.<\/span><\/p>\n<div>\n<p style=\"text-align: justify;\">&nbsp;<\/p>\n<p class=\"x_MsoNormal\" style=\"text-align: justify;\"><span style=\"font-size: 14pt; font-family: arial, helvetica, sans-serif;\">Celebr\u00f3 los resultados a la baja en incidencia delictiva en el estado, garantiz\u00f3 el pago a productores de ma\u00edz, anunci\u00f3 la basificaci\u00f3n para trabajadores que atendieron la pandemia del Covid-19, se comprometi\u00f3 a culminar las carreteras Badiraguato-Chihuahua, San Ignacio-Tayoltita, Durango, as\u00ed como la presa Santa Mar\u00eda y, concluir la obra del Dren Bacurim\u00ed.<\/span><\/p>\n<p style=\"text-align: justify;\">&nbsp;<\/p>\n<p class=\"x_MsoNormal\" style=\"text-align: justify;\"><span style=\"font-size: 14pt; font-family: arial, helvetica, sans-serif;\">Temprano, se realiz\u00f3 la Reuni\u00f3n de Gabinete de Seguridad Federal y posteriormente se ofreci\u00f3 la conferencia de prensa matutina, celebrada en el complejo militar El Sauz, donde el gobernador Quirino Ordaz destac\u00f3 ante L\u00f3pez Obrador, los avances de seguridad en el estado, afirmando que Sinaloa estuvo en los primeros lugares de incidencia delictiva, cargando con un estigma hist\u00f3rico, pues al iniciar su gobierno, en enero del 2017, se ten\u00eda el m\u00e1s alto nivel de homicidios dolosos, pero a partir de entonces se tuvo una desaceleraci\u00f3n muy importante en este delito.<\/span><\/p>\n<p style=\"text-align: justify;\">&nbsp;<\/p>\n<p class=\"x_MsoNormal\" style=\"text-align: justify;\"><span style=\"font-size: 14pt; font-family: arial, helvetica, sans-serif;\">Hoy, puntualiz\u00f3 el gobernador, de acuerdo con datos del Secretariado Ejecutivo del Sistema Nacional de Seguridad P\u00fablica, Sinaloa ocupa el lugar 26 en incidencia delictiva en el pa\u00eds.<\/span><\/p>\n<p style=\"text-align: justify;\">&nbsp;<\/p>\n<p class=\"x_MsoNormal\" style=\"text-align: justify;\"><span style=\"font-size: 14pt; font-family: arial, helvetica, sans-serif;\">Ante esto, el presidente reconoci\u00f3 que en Sinaloa se ha avanzado bastante para garantizar la paz y la tranquilidad, siendo uno de los estados con menos inseguridad y con menos violencia en el pa\u00eds.<\/span><\/p>\n<p style=\"text-align: justify;\">&nbsp;<\/p>\n<p class=\"x_MsoNormal\" style=\"text-align: justify;\"><span style=\"font-size: 14pt; font-family: arial, helvetica, sans-serif;\">Durante su participaci\u00f3n, el Presidente de M\u00e9xico retom\u00f3 diferentes temas, entre estos, los pagos pendientes con los productores de ma\u00edz, donde garantiz\u00f3 que \u201ces un compromiso que hicimos y se va a cumplir\u201d. Expres\u00f3 que por eso se destin\u00f3 una bolsa de mil 600 millones de pesos para los productores de Sinaloa nada m\u00e1s.<\/span><\/p>\n<p style=\"text-align: justify;\">&nbsp;<\/p>\n<p class=\"x_MsoNormal\" style=\"text-align: justify;\"><span style=\"font-size: 14pt; font-family: arial, helvetica, sans-serif;\">L\u00f3pez Obrador inform\u00f3, adem\u00e1s, que se basificar\u00e1 a todos los trabajadores de salud que fueron contratados para atender la pandemia del COVID 19.<\/span><\/p>\n<p style=\"text-align: justify;\">&nbsp;<\/p>\n<p class=\"x_MsoNormal\" style=\"text-align: justify;\"><span style=\"font-size: 14pt; font-family: arial, helvetica, sans-serif;\">En cuanto a otras obras, anunci\u00f3 que se concluir\u00e1n las carreteras Badiraguato a Guadalupe y Calvo, en Parral, Chihuahua, as\u00ed como la San Ignacio a Tayoltita, en Durango, adem\u00e1s de la presa Santa Mar\u00eda.<\/span><\/p>\n<p style=\"text-align: justify;\">&nbsp;<\/p>\n<p class=\"x_MsoNormal\" style=\"text-align: justify;\"><span style=\"font-size: 14pt; font-family: arial, helvetica, sans-serif;\">M\u00e1s tarde, en compa\u00f1\u00eda del gobernador Quirino Ordaz, visitaron la obra de revestimiento del Dren Bacurim\u00ed, en Culiac\u00e1n, la cual tiene el prop\u00f3sito de mitigar los riesgos de inundaciones, y en la cual el Presidente de la Rep\u00fablica, a petici\u00f3n del mandatario estatal, se comprometi\u00f3 a concluir las pr\u00f3ximas dos etapas del proyecto con recursos federales.<\/span><\/p>\n<p style=\"text-align: justify;\">&nbsp;<\/p>\n<p class=\"x_MsoNormal\" style=\"text-align: justify;\"><span style=\"font-size: 14pt; font-family: arial, helvetica, sans-serif;\">En esta obra se han invertido 150 millones de pesos en la primera etapa, de 450 millones que implica el proyecto integral para dar seguridad al patrimonio y vida de unos 70 mil habitantes de la capital de Sinaloa.<\/span><\/p>\n<p style=\"text-align: justify;\">&nbsp;<\/p>\n<p style=\"text-align: justify;\">&nbsp;<\/p>\n<p style=\"text-align: justify;\"><span style=\"font-size: 14pt; font-family: arial, helvetica, sans-serif;\">REDACCI\u00d3N\/VISI\u00d3N CIUDADANA.<\/span><\/p>\n<\/div>\n","protected":false},"excerpt":{"rendered":"<p>De visita por Sinaloa, el Presidente de la Rep\u00fablica, Andr\u00e9s Manuel L\u00f3pez Obrador, afirm\u00f3 que en esta entidad se suman esfuerzos y voluntades con el gobierno de Quirino Ordaz Coppel, poniendo por delante el inter\u00e9s del pueblo, de Sinaloa y de la naci\u00f3n, y destac\u00f3 que hay buenos resultados en diversas materias como seguridad e [&hellip;]<\/p>\n","protected":false},"author":1,"featured_media":5139,"comment_status":"open","ping_status":"closed","sticky":false,"template":"","format":"standard","meta":{"footnotes":""},"categories":[24],"tags":[],"ppma_author":[31],"class_list":["post-13899","post","type-post","status-publish","format-standard","has-post-thumbnail","hentry","category-relevantes"],"aioseo_notices":[],"authors":[{"term_id":31,"user_id":1,"is_guest":0,"slug":"ivan3vino","display_name":"Iv\u00e1n Trevi\u00f1o","avatar_url":{"url":"https:\/\/visionciudadana.com.mx\/oficial\/wp-content\/uploads\/2025\/09\/columna-ivan-Trevino.png","url2x":"https:\/\/visionciudadana.com.mx\/oficial\/wp-content\/uploads\/2025\/09\/columna-ivan-Trevino.png"},"0":null,"1":"","2":"","3":"","4":"","5":"","6":"","7":"","8":""}],"_links":{"self":[{"href":"https:\/\/visionciudadana.com.mx\/oficial\/wp-json\/wp\/v2\/posts\/13899","targetHints":{"allow":["GET"]}}],"collection":[{"href":"https:\/\/visionciudadana.com.mx\/oficial\/wp-json\/wp\/v2\/posts"}],"about":[{"href":"https:\/\/visionciudadana.com.mx\/oficial\/wp-json\/wp\/v2\/types\/post"}],"author":[{"embeddable":true,"href":"https:\/\/visionciudadana.com.mx\/oficial\/wp-json\/wp\/v2\/users\/1"}],"replies":[{"embeddable":true,"href":"https:\/\/visionciudadana.com.mx\/oficial\/wp-json\/wp\/v2\/comments?post=13899"}],"version-history":[{"count":0,"href":"https:\/\/visionciudadana.com.mx\/oficial\/wp-json\/wp\/v2\/posts\/13899\/revisions"}],"wp:featuredmedia":[{"embeddable":true,"href":"https:\/\/visionciudadana.com.mx\/oficial\/wp-json\/wp\/v2\/posts\/5139"}],"wp:attachment":[{"href":"https:\/\/visionciudadana.com.mx\/oficial\/wp-json\/wp\/v2\/media?parent=13899"}],"wp:term":[{"taxonomy":"category","embeddable":true,"href":"https:\/\/visionciudadana.com.mx\/oficial\/wp-json\/wp\/v2\/categories?post=13899"},{"taxonomy":"post_tag","embeddable":true,"href":"https:\/\/visionciudadana.com.mx\/oficial\/wp-json\/wp\/v2\/tags?post=13899"},{"taxonomy":"author","embeddable":true,"href":"https:\/\/visionciudadana.com.mx\/oficial\/wp-json\/wp\/v2\/ppma_author?post=13899"}],"curies":[{"name":"wp","href":"https:\/\/api.w.org\/{rel}","templated":true}]}}