{"id":13898,"date":"2020-08-05T23:04:46","date_gmt":"2020-08-05T23:04:46","guid":{"rendered":"https:\/\/visionciudadana.com.mx\/prueba\/2020\/08\/05\/el-pas-solicito-a-amlo-se-atiendan-las-necesidades-sociales-de-los-sinaloenses-cuen-ojeda\/"},"modified":"2020-08-05T23:04:46","modified_gmt":"2020-08-05T23:04:46","slug":"el-pas-solicito-a-amlo-se-atiendan-las-necesidades-sociales-de-los-sinaloenses-cuen-ojeda","status":"publish","type":"post","link":"https:\/\/visionciudadana.com.mx\/oficial\/2020\/08\/05\/el-pas-solicito-a-amlo-se-atiendan-las-necesidades-sociales-de-los-sinaloenses-cuen-ojeda\/","title":{"rendered":"El PAS solicit\u00f3 a AMLO se atiendan las necesidades sociales de los Sinaloenses: Cu\u00e9n Ojeda"},"content":{"rendered":"<p style=\"text-align: justify;\"><img decoding=\"async\" style=\"display: block; margin-left: auto; margin-right: auto;\" src=\"images\/2020\/agosto20\/solicit\u00f3_pas.PNG\" alt=\"solicit\u00f3 pas\" \/><\/p>\n<div style=\"text-align: justify;\"><span style=\"font-size: 14pt; font-family: arial, helvetica, sans-serif;\">Que el gobierno atienda las necesidades sociales de los sinaloenses, solicit\u00f3 el Partido Sinaloense al presidente Andr\u00e9s Manuel L\u00f3pez Obrador, en escrito entregado a la mesa denominada \u201cCentro Integrador de Desarrollo\u201d instalado por el gobierno federal en la plazuela Obreg\u00f3n de la capital del estado, manifest\u00f3 H\u00e9ctor Melesio Cu\u00e9n Ojeda.<\/span><\/div>\n<div style=\"text-align: justify;\">\n<p><span style=\"font-size: 14pt; font-family: arial, helvetica, sans-serif;\">La misiva destaca que el gobierno federal ha dejado de atender a los sectores productivos de Sinaloa como los son el pesquero, agr\u00edcola, las MIPyMES y a las jefas de familias que padecen actualmente los estragos de la contingencia sanitaria del Covid-19.<\/span><\/div>\n<div style=\"text-align: justify;\">\n<p><span style=\"font-size: 14pt; font-family: arial, helvetica, sans-serif;\">\u201cSabemos que cuando existe una visita de esta envergadura suele venir acompa\u00f1ada de beneficios para los ciudadanos, por eso estamos solicitando que no se deje de lado a los sectores productivos que han sido muy golpeados por esta emergencia sanitaria y la consecuencia econ\u00f3mica que conlleva las medidas preventivas\u201d, expres\u00f3 H\u00e9ctor Melesio Cu\u00e9n Ojeda.<\/span><\/div>\n<div style=\"text-align: justify;\">\n<p><span style=\"font-size: 14pt; font-family: arial, helvetica, sans-serif;\">Nuestra solicitud es que se atienda a los hogares sinaloenses y que se aplique la tarifa \u201c1F\u201d para todo el estado; se solucione de fondo el problema agr\u00edcola con la comercializaci\u00f3n de sus cosechas porque cada a\u00f1o tienen que tomar carreteras para ser escuchados por las autoridades federales, en esta situaci\u00f3n tambi\u00e9n se encuentra el sector pesquero y ganadero; apoyo inmediato y extraordinario a jefas de familias, muchas de ellas se han quedado sin trabajo y adem\u00e1s la carga de la educaci\u00f3n a distancia las obliga a permanecer m\u00e1s en casa; apoyo real a MIPyMES para evitar se sigan cerrando empresas y con ello se eleve el desempleo en nuestro estado; que la atenci\u00f3n en los hospitales \u2013tanto federal como estatal- sea de manera gratuita para todos los pacientes de Covid-19 e incluido los medicamentos.<\/span><\/div>\n<div style=\"text-align: justify;\">\n<p><span style=\"font-size: 14pt; font-family: arial, helvetica, sans-serif;\">\u201cTambi\u00e9n le informamos al presidente del trabajo que el Partido Sinaloense ha realizado en estos 8 a\u00f1os de fundado, las iniciativas que hemos presentado en el Congreso de la Uni\u00f3n, las cuales han sido respaldada por m\u00e1s de un mill\u00f3n 400 mil firmas de ciudadanos sinaloenses, pero tambi\u00e9n de las propuestas presentadas en la C\u00e1mara Local, con esto le mostramos que nuestra lucha es tambi\u00e9n la de muchos ciudadanos libres que votaron por \u00e9l y que apoyan nuestras propuestas\u201d, dijo el presidente del Partido Sinaloense, H\u00e9ctor Melesio Cu\u00e9n Ojeda.<\/span><\/div>\n<div style=\"text-align: justify;\">\n<p><span style=\"font-size: 14pt; font-family: arial, helvetica, sans-serif;\">\u201cQuiero darle las gracias a los m\u00e1s de 56 mil sinaloenses que han apoyado la iniciativa de usar el cubrebocas de manera obligatoria en esta emergencia sanitaria, y a los que no la han hecho, invitarlos para que firmen de manera virtual esta propuesta en el portal&nbsp;<a href=\"https:\/\/partidosinaloense.us13.list-manage.com\/track\/click?u=e199c90e7b8a80d2ad40b7520&amp;id=18f795fcf5&amp;e=1a16a648ea\" target=\"_blank\" rel=\"noopener noreferrer\" data-auth=\"NotApplicable\">change.org<\/a>\u201d , se\u00f1al\u00f3 el presidente del PAS.<\/span><\/div>\n<div style=\"text-align: justify;\">&nbsp;<\/div>\n<div style=\"text-align: justify;\">&nbsp;<\/div>\n<div style=\"text-align: justify;\"><span style=\"font-size: 14pt; font-family: arial, helvetica, sans-serif;\">REDACCI\u00d3N\/VISI\u00d3N CIUDADANA.<\/span><\/div>\n","protected":false},"excerpt":{"rendered":"<p>Que el gobierno atienda las necesidades sociales de los sinaloenses, solicit\u00f3 el Partido Sinaloense al presidente Andr\u00e9s Manuel L\u00f3pez Obrador, en escrito entregado a la mesa denominada \u201cCentro Integrador de Desarrollo\u201d instalado por el gobierno federal en la plazuela Obreg\u00f3n de la capital del estado, manifest\u00f3 H\u00e9ctor Melesio Cu\u00e9n Ojeda. La misiva destaca que el [&hellip;]<\/p>\n","protected":false},"author":1,"featured_media":5137,"comment_status":"open","ping_status":"closed","sticky":false,"template":"","format":"standard","meta":{"footnotes":""},"categories":[24],"tags":[],"ppma_author":[31],"class_list":["post-13898","post","type-post","status-publish","format-standard","has-post-thumbnail","hentry","category-relevantes"],"aioseo_notices":[],"authors":[{"term_id":31,"user_id":1,"is_guest":0,"slug":"ivan3vino","display_name":"Iv\u00e1n Trevi\u00f1o","avatar_url":{"url":"https:\/\/visionciudadana.com.mx\/oficial\/wp-content\/uploads\/2025\/09\/columna-ivan-Trevino.png","url2x":"https:\/\/visionciudadana.com.mx\/oficial\/wp-content\/uploads\/2025\/09\/columna-ivan-Trevino.png"},"0":null,"1":"","2":"","3":"","4":"","5":"","6":"","7":"","8":""}],"_links":{"self":[{"href":"https:\/\/visionciudadana.com.mx\/oficial\/wp-json\/wp\/v2\/posts\/13898","targetHints":{"allow":["GET"]}}],"collection":[{"href":"https:\/\/visionciudadana.com.mx\/oficial\/wp-json\/wp\/v2\/posts"}],"about":[{"href":"https:\/\/visionciudadana.com.mx\/oficial\/wp-json\/wp\/v2\/types\/post"}],"author":[{"embeddable":true,"href":"https:\/\/visionciudadana.com.mx\/oficial\/wp-json\/wp\/v2\/users\/1"}],"replies":[{"embeddable":true,"href":"https:\/\/visionciudadana.com.mx\/oficial\/wp-json\/wp\/v2\/comments?post=13898"}],"version-history":[{"count":0,"href":"https:\/\/visionciudadana.com.mx\/oficial\/wp-json\/wp\/v2\/posts\/13898\/revisions"}],"wp:featuredmedia":[{"embeddable":true,"href":"https:\/\/visionciudadana.com.mx\/oficial\/wp-json\/wp\/v2\/media\/5137"}],"wp:attachment":[{"href":"https:\/\/visionciudadana.com.mx\/oficial\/wp-json\/wp\/v2\/media?parent=13898"}],"wp:term":[{"taxonomy":"category","embeddable":true,"href":"https:\/\/visionciudadana.com.mx\/oficial\/wp-json\/wp\/v2\/categories?post=13898"},{"taxonomy":"post_tag","embeddable":true,"href":"https:\/\/visionciudadana.com.mx\/oficial\/wp-json\/wp\/v2\/tags?post=13898"},{"taxonomy":"author","embeddable":true,"href":"https:\/\/visionciudadana.com.mx\/oficial\/wp-json\/wp\/v2\/ppma_author?post=13898"}],"curies":[{"name":"wp","href":"https:\/\/api.w.org\/{rel}","templated":true}]}}