{"id":13895,"date":"2020-08-05T21:58:11","date_gmt":"2020-08-05T21:58:11","guid":{"rendered":"https:\/\/visionciudadana.com.mx\/prueba\/2020\/08\/05\/continua-el-pri-con-la-instalacion-de-las-mesas-tecnicas-interinstitucionales\/"},"modified":"2020-08-05T21:58:11","modified_gmt":"2020-08-05T21:58:11","slug":"continua-el-pri-con-la-instalacion-de-las-mesas-tecnicas-interinstitucionales","status":"publish","type":"post","link":"https:\/\/visionciudadana.com.mx\/oficial\/2020\/08\/05\/continua-el-pri-con-la-instalacion-de-las-mesas-tecnicas-interinstitucionales\/","title":{"rendered":"Contin\u00faa el PRI con la instalaci\u00f3n de las mesas t\u00e9cnicas interinstitucionales"},"content":{"rendered":"<p style=\"text-align: justify;\"><img decoding=\"async\" style=\"display: block; margin-left: auto; margin-right: auto;\" src=\"images\/2020\/agosto20\/confe_virtual.PNG\" alt=\"confe virtual\" \/><\/p>\n<p class=\"x_MsoNormal\" style=\"text-align: justify;\"><span style=\"font-size: 14pt; font-family: arial, helvetica, sans-serif;\">El presidente del PRI en Sinaloa, acompa\u00f1ado de Cinthia Valenzuela Langarica, secretaria general llev\u00f3 a cabo la toma de protesta e instalaci\u00f3n formal de la mesa t\u00e9cnica interinstitucional de los municipios de Choix, Sinaloa, Salvador Alvarado, Navolato, Elota, Cosal\u00e1 y San Ignacio.<\/span><\/p>\n<p style=\"text-align: justify;\">&nbsp;<\/p>\n<p class=\"x_MsoNormal\" style=\"text-align: justify;\"><span style=\"font-size: 14pt; font-family: arial, helvetica, sans-serif;\">De manera virtual y en cada municipio, v\u00eda zoom, Jes\u00fas Vald\u00e9s se\u00f1al\u00f3 que a trav\u00e9s de cada una de las mesas, se coordinar\u00e1n y sumar\u00e1n esfuerzos para asegurar la renovaci\u00f3n, actualizaci\u00f3n y legalizaci\u00f3n formal de los \u00f3rganos de direcci\u00f3n, estructuras territoriales del partido, as\u00ed como rutas jur\u00eddicas, pol\u00edticas y electorales que regir\u00e1n el proceso local y federal del pr\u00f3ximo a\u00f1o.<\/span><\/p>\n<p style=\"text-align: justify;\">&nbsp;<\/p>\n<p class=\"x_MsoNormal\" style=\"text-align: justify;\"><span style=\"font-size: 14pt; font-family: arial, helvetica, sans-serif;\">Ante las dirigencias municipales y los representantes de las mesas, Jes\u00fas Vald\u00e9s destac\u00f3 la importancia de coordinar las acciones que sean necesarias para implementar, operar y orientar los programas del partido.<\/span><\/p>\n<p style=\"text-align: justify;\">&nbsp;<\/p>\n<p class=\"x_MsoNormal\" style=\"text-align: justify;\"><span style=\"font-size: 14pt; font-family: arial, helvetica, sans-serif;\">En su mensaje, la secretaria general Cinthia Valenzuela, reconoci\u00f3 el trabajo de quienes se suman a esta responsabilidad y los exhort\u00f3 a continuar trabajando en equipo.<\/span><\/p>\n<p style=\"text-align: justify;\">&nbsp;<\/p>\n<p style=\"text-align: justify;\">&nbsp;<\/p>\n<p style=\"text-align: justify;\"><span style=\"font-size: 14pt; font-family: arial, helvetica, sans-serif;\">REDACCI\u00d3N\/VISI\u00d3N CIUDADANA.<\/span><\/p>\n","protected":false},"excerpt":{"rendered":"<p>El presidente del PRI en Sinaloa, acompa\u00f1ado de Cinthia Valenzuela Langarica, secretaria general llev\u00f3 a cabo la toma de protesta e instalaci\u00f3n formal de la mesa t\u00e9cnica interinstitucional de los municipios de Choix, Sinaloa, Salvador Alvarado, Navolato, Elota, Cosal\u00e1 y San Ignacio. &nbsp; De manera virtual y en cada municipio, v\u00eda zoom, Jes\u00fas Vald\u00e9s se\u00f1al\u00f3 [&hellip;]<\/p>\n","protected":false},"author":1,"featured_media":5131,"comment_status":"open","ping_status":"closed","sticky":false,"template":"","format":"standard","meta":{"footnotes":""},"categories":[24],"tags":[],"ppma_author":[31],"class_list":["post-13895","post","type-post","status-publish","format-standard","has-post-thumbnail","hentry","category-relevantes"],"aioseo_notices":[],"authors":[{"term_id":31,"user_id":1,"is_guest":0,"slug":"ivan3vino","display_name":"Iv\u00e1n Trevi\u00f1o","avatar_url":{"url":"https:\/\/visionciudadana.com.mx\/oficial\/wp-content\/uploads\/2025\/09\/columna-ivan-Trevino.png","url2x":"https:\/\/visionciudadana.com.mx\/oficial\/wp-content\/uploads\/2025\/09\/columna-ivan-Trevino.png"},"0":null,"1":"","2":"","3":"","4":"","5":"","6":"","7":"","8":""}],"_links":{"self":[{"href":"https:\/\/visionciudadana.com.mx\/oficial\/wp-json\/wp\/v2\/posts\/13895","targetHints":{"allow":["GET"]}}],"collection":[{"href":"https:\/\/visionciudadana.com.mx\/oficial\/wp-json\/wp\/v2\/posts"}],"about":[{"href":"https:\/\/visionciudadana.com.mx\/oficial\/wp-json\/wp\/v2\/types\/post"}],"author":[{"embeddable":true,"href":"https:\/\/visionciudadana.com.mx\/oficial\/wp-json\/wp\/v2\/users\/1"}],"replies":[{"embeddable":true,"href":"https:\/\/visionciudadana.com.mx\/oficial\/wp-json\/wp\/v2\/comments?post=13895"}],"version-history":[{"count":0,"href":"https:\/\/visionciudadana.com.mx\/oficial\/wp-json\/wp\/v2\/posts\/13895\/revisions"}],"wp:featuredmedia":[{"embeddable":true,"href":"https:\/\/visionciudadana.com.mx\/oficial\/wp-json\/wp\/v2\/posts\/5131"}],"wp:attachment":[{"href":"https:\/\/visionciudadana.com.mx\/oficial\/wp-json\/wp\/v2\/media?parent=13895"}],"wp:term":[{"taxonomy":"category","embeddable":true,"href":"https:\/\/visionciudadana.com.mx\/oficial\/wp-json\/wp\/v2\/categories?post=13895"},{"taxonomy":"post_tag","embeddable":true,"href":"https:\/\/visionciudadana.com.mx\/oficial\/wp-json\/wp\/v2\/tags?post=13895"},{"taxonomy":"author","embeddable":true,"href":"https:\/\/visionciudadana.com.mx\/oficial\/wp-json\/wp\/v2\/ppma_author?post=13895"}],"curies":[{"name":"wp","href":"https:\/\/api.w.org\/{rel}","templated":true}]}}