{"id":13894,"date":"2020-08-05T21:40:18","date_gmt":"2020-08-05T21:40:18","guid":{"rendered":"https:\/\/visionciudadana.com.mx\/prueba\/2020\/08\/05\/detienen-a-primer-persona-por-negarse-a-uso-de-cubrebocas\/"},"modified":"2020-08-05T21:40:18","modified_gmt":"2020-08-05T21:40:18","slug":"detienen-a-primer-persona-por-negarse-a-uso-de-cubrebocas","status":"publish","type":"post","link":"https:\/\/visionciudadana.com.mx\/oficial\/2020\/08\/05\/detienen-a-primer-persona-por-negarse-a-uso-de-cubrebocas\/","title":{"rendered":"Detienen a primer persona por negarse a uso de cubrebocas"},"content":{"rendered":"<p style=\"text-align: justify;\"><img decoding=\"async\" style=\"display: block; margin-left: auto; margin-right: auto;\" src=\"images\/2020\/agosto20\/primera_detenci\u00f3n.PNG\" alt=\"primera detenci\u00f3n\" \/><\/p>\n<p style=\"text-align: justify;\"><span style=\"font-size: 14pt; font-family: arial, helvetica, sans-serif;\">Durante el d\u00eda de hoy una persona fue detenida en el centro de la ciudad por faltas a la autoridad; esta ocurri\u00f3 cuando Guardianes de Prevenci\u00f3n de la Salud, detectaron que esta no utilizaba cubrebocas, por lo que le pidieron que se colocara uno proporcionado por ellos de manera gratuita, petici\u00f3n a la cual se neg\u00f3 en repetidas ocasiones.<\/span><\/p>\n<p style=\"text-align: justify;\">&nbsp;<\/p>\n<p style=\"text-align: justify;\"><span style=\"font-size: 14pt; font-family: arial, helvetica, sans-serif;\">Elementos de la Polic\u00eda Municipal del escuadr\u00f3n ciclista, al percatarse del hecho, se acercaron y de nueva cuenta conminaron al ciudadano a cumplir con esta medida sanitaria; \u00e9l se neg\u00f3 de nueva cuenta y adem\u00e1s de ello, insult\u00f3 a los agentes municipales, as\u00ed lo explic\u00f3 el Secretario de Seguridad P\u00fablica y Tr\u00e1nsito Municipal, \u00d3scar Guinto Marmolejo.<\/span><\/p>\n<p style=\"text-align: justify;\">&nbsp;<\/p>\n<p style=\"text-align: justify;\"><span style=\"font-size: 14pt; font-family: arial, helvetica, sans-serif;\">\u201cHasta este momento ha sido una sola persona la que ha sido detenida, unos guardianes, los integrantes de la brigada le pidieron a esta personas que utilizara el cubrebocas; \u00e9l dijo que no lo iba a hacer, precisamente en esos momentos iban pasando unos elementos de la unidad ciclista, le indicaron nuevamente que usara el cubrebocas, les dijo que no y con palabras altisonantes, pues les dijo que se retiraran, ante esta situaci\u00f3n ya entra una falta al Bando, que es Insultos a la Autoridad, y por eso fue detenida esta persona\u201d, revel\u00f3 Guinto Marmolejo.<\/span><\/p>\n<p style=\"text-align: justify;\">&nbsp;<\/p>\n<p style=\"text-align: justify;\"><span style=\"font-size: 14pt; font-family: arial, helvetica, sans-serif;\">Ante el incremento de casos de COVID-19, el Secretario de Seguridad Municipal, exhort\u00f3 a la ciudadan\u00eda a utilizar el cubrebocas y reiter\u00f3 que solo ser\u00e1n detenidos aquellos que aun y cuando se les proporcione uno, se nieguen a portarlo.<\/span><\/p>\n<p style=\"text-align: justify;\">&nbsp;<\/p>\n<p style=\"text-align: justify;\"><span style=\"font-size: 14pt; font-family: arial, helvetica, sans-serif;\">\u201cSe les va invitar a portarlos y se les va a proporcionar un cubrebocas, si a pesar de que se les proporcion\u00f3 el cubrebocas se niegan a coloc\u00e1rselo ya entrar\u00eda otra situaci\u00f3n y puede entrar dentro de una falta considerada dentro del Bando de Polic\u00eda\u201d, advirti\u00f3 el titular de Seguridad.<\/span><\/p>\n<p style=\"text-align: justify;\">&nbsp;<\/p>\n<p style=\"text-align: justify;\"><span style=\"font-size: 14pt; font-family: arial, helvetica, sans-serif;\">Con estas acciones el Gobierno de Culiac\u00e1n a trav\u00e9s de la Secretar\u00eda de Seguridad P\u00fablica y Tr\u00e1nsito Municipal, refrenda el compromiso que tiene con la poblaci\u00f3n de coadyuvar en la aplicaci\u00f3n de las medidas sanitarias que frenen los contagios y mitiguen los efectos de esta contingencia.<\/span><\/p>\n<p style=\"text-align: justify;\">&nbsp;<\/p>\n<p style=\"text-align: justify;\">&nbsp;<\/p>\n<p style=\"text-align: justify;\"><span style=\"font-size: 14pt; font-family: arial, helvetica, sans-serif;\">REDACCI\u00d3N\/VISI\u00d3N CIUDADANA.<\/span><\/p>\n","protected":false},"excerpt":{"rendered":"<p>Durante el d\u00eda de hoy una persona fue detenida en el centro de la ciudad por faltas a la autoridad; esta ocurri\u00f3 cuando Guardianes de Prevenci\u00f3n de la Salud, detectaron que esta no utilizaba cubrebocas, por lo que le pidieron que se colocara uno proporcionado por ellos de manera gratuita, petici\u00f3n a la cual se [&hellip;]<\/p>\n","protected":false},"author":1,"featured_media":5129,"comment_status":"open","ping_status":"closed","sticky":false,"template":"","format":"standard","meta":{"footnotes":""},"categories":[24],"tags":[],"ppma_author":[31],"class_list":["post-13894","post","type-post","status-publish","format-standard","has-post-thumbnail","hentry","category-relevantes"],"aioseo_notices":[],"authors":[{"term_id":31,"user_id":1,"is_guest":0,"slug":"ivan3vino","display_name":"Iv\u00e1n Trevi\u00f1o","avatar_url":{"url":"https:\/\/visionciudadana.com.mx\/oficial\/wp-content\/uploads\/2025\/09\/columna-ivan-Trevino.png","url2x":"https:\/\/visionciudadana.com.mx\/oficial\/wp-content\/uploads\/2025\/09\/columna-ivan-Trevino.png"},"0":null,"1":"","2":"","3":"","4":"","5":"","6":"","7":"","8":""}],"_links":{"self":[{"href":"https:\/\/visionciudadana.com.mx\/oficial\/wp-json\/wp\/v2\/posts\/13894","targetHints":{"allow":["GET"]}}],"collection":[{"href":"https:\/\/visionciudadana.com.mx\/oficial\/wp-json\/wp\/v2\/posts"}],"about":[{"href":"https:\/\/visionciudadana.com.mx\/oficial\/wp-json\/wp\/v2\/types\/post"}],"author":[{"embeddable":true,"href":"https:\/\/visionciudadana.com.mx\/oficial\/wp-json\/wp\/v2\/users\/1"}],"replies":[{"embeddable":true,"href":"https:\/\/visionciudadana.com.mx\/oficial\/wp-json\/wp\/v2\/comments?post=13894"}],"version-history":[{"count":0,"href":"https:\/\/visionciudadana.com.mx\/oficial\/wp-json\/wp\/v2\/posts\/13894\/revisions"}],"wp:featuredmedia":[{"embeddable":true,"href":"https:\/\/visionciudadana.com.mx\/oficial\/wp-json\/wp\/v2\/posts\/5129"}],"wp:attachment":[{"href":"https:\/\/visionciudadana.com.mx\/oficial\/wp-json\/wp\/v2\/media?parent=13894"}],"wp:term":[{"taxonomy":"category","embeddable":true,"href":"https:\/\/visionciudadana.com.mx\/oficial\/wp-json\/wp\/v2\/categories?post=13894"},{"taxonomy":"post_tag","embeddable":true,"href":"https:\/\/visionciudadana.com.mx\/oficial\/wp-json\/wp\/v2\/tags?post=13894"},{"taxonomy":"author","embeddable":true,"href":"https:\/\/visionciudadana.com.mx\/oficial\/wp-json\/wp\/v2\/ppma_author?post=13894"}],"curies":[{"name":"wp","href":"https:\/\/api.w.org\/{rel}","templated":true}]}}