{"id":13893,"date":"2020-08-05T21:32:19","date_gmt":"2020-08-05T21:32:19","guid":{"rendered":"https:\/\/visionciudadana.com.mx\/prueba\/2020\/08\/05\/entregan-integrantes-de-fescate-solicitud-al-gobierno-federal-para-ampliar-periodo-de-tarida-1f-en-sinaloa\/"},"modified":"2020-08-05T21:32:19","modified_gmt":"2020-08-05T21:32:19","slug":"entregan-integrantes-de-fescate-solicitud-al-gobierno-federal-para-ampliar-periodo-de-tarida-1f-en-sinaloa","status":"publish","type":"post","link":"https:\/\/visionciudadana.com.mx\/oficial\/2020\/08\/05\/entregan-integrantes-de-fescate-solicitud-al-gobierno-federal-para-ampliar-periodo-de-tarida-1f-en-sinaloa\/","title":{"rendered":"Entregan integrantes de FESCATE solicitud al gobierno federal para ampliar periodo de tarifa 1F en Sinaloa"},"content":{"rendered":"<p style=\"text-align: justify;\"><img decoding=\"async\" style=\"display: block; margin-left: auto; margin-right: auto;\" src=\"images\/2020\/agosto20\/Fescate.PNG\" alt=\"Fescate\" \/><\/p>\n<p style=\"text-align: justify;\"><span style=\"font-size: 14pt; font-family: arial, helvetica, sans-serif;\">Dirigentes de los partidos: PAN, PRD, PRI y Movimiento Ciudadano, acudieron a la mesa de atenci\u00f3n que el gobierno federal instal\u00f3 en la plazuela \u00c1lvaro Obreg\u00f3n, para hacer entrega de una solicitud por escrito, dirigida al presidente de la Rep\u00fablica, Andr\u00e9s Manuel L\u00f3pez Obrador, en la que se le solicita ampliar la tarifa 1F de abril a noviembre, as\u00ed como el ingreso mensual de 3 mil 760 pesos por tres meses para las familias que perdieron su empleo.<\/span><\/p>\n<p style=\"text-align: justify;\">&nbsp;<\/p>\n<p class=\"x_MsoNormal\" style=\"text-align: justify;\"><span style=\"font-size: 14pt; font-family: arial, helvetica, sans-serif;\">Juan Carlos Estrada del PAN; Aud\u00f3mar Ahumada del PRD, Jes\u00fas Vald\u00e9s del PRI y Cristian Palacios de Movimiento Ciudadano, asistieron a este m\u00f3dulo para entregar dicho documento y en cuyo contenido tambi\u00e9n se solicita eliminar la cartera vencida y obtener los mismos beneficios del acuerdo que el presidente concedi\u00f3 en su natal Tabasco.<\/span><\/p>\n<p style=\"text-align: justify;\">&nbsp;<\/p>\n<p class=\"x_MsoNormal\" style=\"text-align: justify;\"><span style=\"font-size: 14pt; font-family: arial, helvetica, sans-serif;\">Asimismo, los dirigentes de los partidos solicitaron implementar un plan econ\u00f3mico de apoyo al sector salud de prioridad m\u00e1xima; adem\u00e1s, de otro a PyMES para recuperaci\u00f3n de empleos y reactivaci\u00f3n de la econom\u00eda.<\/span><\/p>\n<p style=\"text-align: justify;\">&nbsp;<\/p>\n<p style=\"text-align: justify;\"><span style=\"font-size: 14pt; font-family: arial, helvetica, sans-serif;\">REDACCI\u00d3N\/VISI\u00d3N CIUDADANA.<\/span><\/p>\n","protected":false},"excerpt":{"rendered":"<p>Dirigentes de los partidos: PAN, PRD, PRI y Movimiento Ciudadano, acudieron a la mesa de atenci\u00f3n que el gobierno federal instal\u00f3 en la plazuela \u00c1lvaro Obreg\u00f3n, para hacer entrega de una solicitud por escrito, dirigida al presidente de la Rep\u00fablica, Andr\u00e9s Manuel L\u00f3pez Obrador, en la que se le solicita ampliar la tarifa 1F de [&hellip;]<\/p>\n","protected":false},"author":1,"featured_media":5127,"comment_status":"open","ping_status":"closed","sticky":false,"template":"","format":"standard","meta":{"footnotes":""},"categories":[24],"tags":[],"ppma_author":[31],"class_list":["post-13893","post","type-post","status-publish","format-standard","has-post-thumbnail","hentry","category-relevantes"],"aioseo_notices":[],"authors":[{"term_id":31,"user_id":1,"is_guest":0,"slug":"ivan3vino","display_name":"Iv\u00e1n Trevi\u00f1o","avatar_url":{"url":"https:\/\/visionciudadana.com.mx\/oficial\/wp-content\/uploads\/2025\/09\/columna-ivan-Trevino.png","url2x":"https:\/\/visionciudadana.com.mx\/oficial\/wp-content\/uploads\/2025\/09\/columna-ivan-Trevino.png"},"0":null,"1":"","2":"","3":"","4":"","5":"","6":"","7":"","8":""}],"_links":{"self":[{"href":"https:\/\/visionciudadana.com.mx\/oficial\/wp-json\/wp\/v2\/posts\/13893","targetHints":{"allow":["GET"]}}],"collection":[{"href":"https:\/\/visionciudadana.com.mx\/oficial\/wp-json\/wp\/v2\/posts"}],"about":[{"href":"https:\/\/visionciudadana.com.mx\/oficial\/wp-json\/wp\/v2\/types\/post"}],"author":[{"embeddable":true,"href":"https:\/\/visionciudadana.com.mx\/oficial\/wp-json\/wp\/v2\/users\/1"}],"replies":[{"embeddable":true,"href":"https:\/\/visionciudadana.com.mx\/oficial\/wp-json\/wp\/v2\/comments?post=13893"}],"version-history":[{"count":0,"href":"https:\/\/visionciudadana.com.mx\/oficial\/wp-json\/wp\/v2\/posts\/13893\/revisions"}],"wp:featuredmedia":[{"embeddable":true,"href":"https:\/\/visionciudadana.com.mx\/oficial\/wp-json\/wp\/v2\/posts\/5127"}],"wp:attachment":[{"href":"https:\/\/visionciudadana.com.mx\/oficial\/wp-json\/wp\/v2\/media?parent=13893"}],"wp:term":[{"taxonomy":"category","embeddable":true,"href":"https:\/\/visionciudadana.com.mx\/oficial\/wp-json\/wp\/v2\/categories?post=13893"},{"taxonomy":"post_tag","embeddable":true,"href":"https:\/\/visionciudadana.com.mx\/oficial\/wp-json\/wp\/v2\/tags?post=13893"},{"taxonomy":"author","embeddable":true,"href":"https:\/\/visionciudadana.com.mx\/oficial\/wp-json\/wp\/v2\/ppma_author?post=13893"}],"curies":[{"name":"wp","href":"https:\/\/api.w.org\/{rel}","templated":true}]}}