{"id":13891,"date":"2020-08-05T21:18:44","date_gmt":"2020-08-05T21:18:44","guid":{"rendered":"https:\/\/visionciudadana.com.mx\/prueba\/2020\/08\/05\/quirino-destaca-avances-en-seguridad-ante-amlo\/"},"modified":"2020-08-05T21:18:44","modified_gmt":"2020-08-05T21:18:44","slug":"quirino-destaca-avances-en-seguridad-ante-amlo","status":"publish","type":"post","link":"https:\/\/visionciudadana.com.mx\/oficial\/2020\/08\/05\/quirino-destaca-avances-en-seguridad-ante-amlo\/","title":{"rendered":"Quirino destaca avances en seguridad ante AMLO"},"content":{"rendered":"<p style=\"text-align: justify;\"><img decoding=\"async\" style=\"display: block; margin-left: auto; margin-right: auto;\" src=\"images\/2020\/agosto20\/seguridad_quirino.PNG\" alt=\"seguridad quirino\" \/><\/p>\n<p class=\"x_MsoNormal\" style=\"text-align: justify;\"><span lang=\"ES-TRAD\" style=\"font-size: 14pt; font-family: arial, helvetica, sans-serif;\">Al darle de nuevo la bienvenida a Sinaloa al presidente de la Republica, Andr\u00e9s Manuel L\u00f3pez Obrador, el gobernador Quirino Ordaz Coppel destac\u00f3 los avances que tiene la entidad en materia de seguridad p\u00fablica, al mejorar sus \u00edndices delictivos, y tambi\u00e9n destac\u00f3 las acciones que se desarrollan para hacer frente a la pandemia del COVID 19 e igualmente consider\u00f3 muy positivo que el Fondo de Estabilizaci\u00f3n de Ingresos de las Entidades Federativas se entregue mensualmente y no trimestralmente, para apoyar la liquidez de las finanzas estatales.<\/span><\/p>\n<p style=\"text-align: justify;\">&nbsp;<\/p>\n<p class=\"x_MsoNormal\" style=\"text-align: justify;\"><span lang=\"ES-TRAD\" style=\"font-size: 14pt; font-family: arial, helvetica, sans-serif;\">En su intervenci\u00f3n durante la conferencia de prensa matutina del presidente de M\u00e9xico, celebrada en el Complejo Militar de El Sauz, y luego de una reuni\u00f3n previa con el Gabinete de Seguridad Federal, el mandatario sinaloense destac\u00f3 que por muchos a\u00f1os, Sinaloa estuvo en los primeros lugares de incidencia delictiva, pues al iniciar su gobierno, en enero del 2017, se ten\u00eda el m\u00e1s alto nivel de homicidios dolosos, pero a partir de entonces se tuvo una desaceleraci\u00f3n muy importante en este delito.<\/span><\/p>\n<p style=\"text-align: justify;\">&nbsp;<\/p>\n<p class=\"x_MsoNormal\" style=\"text-align: justify;\"><span lang=\"ES-TRAD\" style=\"font-size: 14pt; font-family: arial, helvetica, sans-serif;\">Al respecto, el secretario de la Defensa Nacional, general de Divisi\u00f3n, Luis Crescencio Sandoval, explic\u00f3 que de acuerdo con los datos del Secretariado Ejecutivo del Sistema Nacional de Seguridad P\u00fablica, Sinaloa ocupa el lugar 26 en incidencia delictiva en el pa\u00eds, y sus principales indicadores son el lugar 19 en robo de veh\u00edculos, el sitio 20 en violencia familiar, el 21 en feminicidios, el lugar 22 en robo a establecimientos comerciales, el sitio 23 en robo en el transporte p\u00fablico, el 28 en robo a casa habitaci\u00f3n, y la posici\u00f3n 26 en el \u00edndice de secuestros.<\/span><\/p>\n<p style=\"text-align: justify;\">&nbsp;<\/p>\n<p class=\"x_MsoNormal\" style=\"text-align: justify;\"><span lang=\"ES-TRAD\" style=\"font-size: 14pt; font-family: arial, helvetica, sans-serif;\">El gobernador Quirino Ordaz Coppel se\u00f1al\u00f3 que uno de los aspectos claves para lograr estos resultados, es que no se escatimaron recursos propios para la seguridad p\u00fablica.<\/span><\/p>\n<p style=\"text-align: justify;\">&nbsp;<\/p>\n<p class=\"x_MsoNormal\" style=\"text-align: justify;\"><span lang=\"ES-TRAD\" style=\"font-size: 14pt; font-family: arial, helvetica, sans-serif;\">\u201cHemos invertido m\u00e1s de mil 800 millones de pesos de recursos propios, adem\u00e1s de los m\u00e1s de 840 millones del Fondo de Aportaciones para la Seguridad P\u00fablica (FASP). De hecho, una de las grandes obras y legados es este Complejo Militar de El Sauz, aqu\u00ed donde nos encontramos, construido en un espacio de 100 hect\u00e1reas, con una inversi\u00f3n de 800 millones de pesos de recursos propios y donde por cierto hoy se alberga a la Guardia Nacional\u201d, precis\u00f3.<\/span><\/p>\n<p style=\"text-align: justify;\">&nbsp;<\/p>\n<p class=\"x_MsoNormal\" style=\"text-align: justify;\"><span lang=\"ES-TRAD\" style=\"font-size: 14pt; font-family: arial, helvetica, sans-serif;\">Adicionalmente, inform\u00f3 que se han invertido en equipamiento y capacitaci\u00f3n, al adquirir m\u00e1s de 500 patrullas, armamento, cerca de 3 mil c\u00e1maras de video vigilancia, y se ha trabajado muy fuerte en capacitaci\u00f3n, pues cada vez m\u00e1s, egresan cadetes, particularmente mujeres, peritos y agentes ministeriales del Instituto Estatal de Ciencias Penales.<\/span><\/p>\n<p style=\"text-align: justify;\">&nbsp;<\/p>\n<p class=\"x_MsoNormal\" style=\"text-align: justify;\"><span lang=\"ES-TRAD\" style=\"font-size: 14pt; font-family: arial, helvetica, sans-serif;\">\u201cQuiero agradecer de manera muy especial, a usted se\u00f1or presidente y a los Integrantes del Gabinete de Seguridad, de quienes hemos recibido siempre la mejor de las atenciones y con quienes mantenemos una extraordinaria coordinaci\u00f3n institucional\u201d, reconoci\u00f3.<\/span><\/p>\n<p style=\"text-align: justify;\">&nbsp;<\/p>\n<p style=\"text-align: justify;\">&nbsp;<\/p>\n<p style=\"text-align: justify;\"><span style=\"font-size: 14pt; font-family: arial, helvetica, sans-serif;\">REDACCI\u00d3N\/VISI\u00d3N CIUDADANA.<\/span><\/p>\n","protected":false},"excerpt":{"rendered":"<p>Al darle de nuevo la bienvenida a Sinaloa al presidente de la Republica, Andr\u00e9s Manuel L\u00f3pez Obrador, el gobernador Quirino Ordaz Coppel destac\u00f3 los avances que tiene la entidad en materia de seguridad p\u00fablica, al mejorar sus \u00edndices delictivos, y tambi\u00e9n destac\u00f3 las acciones que se desarrollan para hacer frente a la pandemia del COVID [&hellip;]<\/p>\n","protected":false},"author":1,"featured_media":5123,"comment_status":"open","ping_status":"closed","sticky":false,"template":"","format":"standard","meta":{"footnotes":""},"categories":[24],"tags":[],"ppma_author":[31],"class_list":["post-13891","post","type-post","status-publish","format-standard","has-post-thumbnail","hentry","category-relevantes"],"aioseo_notices":[],"authors":[{"term_id":31,"user_id":1,"is_guest":0,"slug":"ivan3vino","display_name":"Iv\u00e1n Trevi\u00f1o","avatar_url":{"url":"https:\/\/visionciudadana.com.mx\/oficial\/wp-content\/uploads\/2025\/09\/columna-ivan-Trevino.png","url2x":"https:\/\/visionciudadana.com.mx\/oficial\/wp-content\/uploads\/2025\/09\/columna-ivan-Trevino.png"},"0":null,"1":"","2":"","3":"","4":"","5":"","6":"","7":"","8":""}],"_links":{"self":[{"href":"https:\/\/visionciudadana.com.mx\/oficial\/wp-json\/wp\/v2\/posts\/13891","targetHints":{"allow":["GET"]}}],"collection":[{"href":"https:\/\/visionciudadana.com.mx\/oficial\/wp-json\/wp\/v2\/posts"}],"about":[{"href":"https:\/\/visionciudadana.com.mx\/oficial\/wp-json\/wp\/v2\/types\/post"}],"author":[{"embeddable":true,"href":"https:\/\/visionciudadana.com.mx\/oficial\/wp-json\/wp\/v2\/users\/1"}],"replies":[{"embeddable":true,"href":"https:\/\/visionciudadana.com.mx\/oficial\/wp-json\/wp\/v2\/comments?post=13891"}],"version-history":[{"count":0,"href":"https:\/\/visionciudadana.com.mx\/oficial\/wp-json\/wp\/v2\/posts\/13891\/revisions"}],"wp:featuredmedia":[{"embeddable":true,"href":"https:\/\/visionciudadana.com.mx\/oficial\/wp-json\/wp\/v2\/posts\/5123"}],"wp:attachment":[{"href":"https:\/\/visionciudadana.com.mx\/oficial\/wp-json\/wp\/v2\/media?parent=13891"}],"wp:term":[{"taxonomy":"category","embeddable":true,"href":"https:\/\/visionciudadana.com.mx\/oficial\/wp-json\/wp\/v2\/categories?post=13891"},{"taxonomy":"post_tag","embeddable":true,"href":"https:\/\/visionciudadana.com.mx\/oficial\/wp-json\/wp\/v2\/tags?post=13891"},{"taxonomy":"author","embeddable":true,"href":"https:\/\/visionciudadana.com.mx\/oficial\/wp-json\/wp\/v2\/ppma_author?post=13891"}],"curies":[{"name":"wp","href":"https:\/\/api.w.org\/{rel}","templated":true}]}}