{"id":13890,"date":"2020-08-05T21:06:49","date_gmt":"2020-08-05T21:06:49","guid":{"rendered":"https:\/\/visionciudadana.com.mx\/prueba\/2020\/08\/05\/se-compromete-lopez-obrador-a-culminar-la-obra-del-dren-bacurimi\/"},"modified":"2020-08-05T21:06:49","modified_gmt":"2020-08-05T21:06:49","slug":"se-compromete-lopez-obrador-a-culminar-la-obra-del-dren-bacurimi","status":"publish","type":"post","link":"https:\/\/visionciudadana.com.mx\/oficial\/2020\/08\/05\/se-compromete-lopez-obrador-a-culminar-la-obra-del-dren-bacurimi\/","title":{"rendered":"Se compromete L\u00f3pez Obrador a culminar la obra del Dren Bacurimi"},"content":{"rendered":"<p><img decoding=\"async\" style=\"display: block; margin-left: auto; margin-right: auto;\" src=\"images\/2020\/agosto20\/amlos.PNG\" alt=\"amlos\" \/><\/p>\n<p style=\"text-align: justify;\"><span style=\"font-size: 14pt; font-family: arial, helvetica, sans-serif;\">El presidente de la Rep\u00fablica, Andr\u00e9s Manuel L\u00f3pez Obrador, garantiz\u00f3 la conclusi\u00f3n de las pr\u00f3ximas dos etapas de la obra del Dren Bacurim\u00ed, la cual mitigar\u00e1 los riesgos de inundaciones, lo anterior en atenci\u00f3n al planteamiento del gobernador Quirino Ordaz Coppel de la necesidad de terminar este proyecto que ofrece protecci\u00f3n a la vida y patrimonio de 70 mil habitantes de esta amplia zona de Culiac\u00e1n.<\/span><\/p>\n<p style=\"text-align: justify;\">&nbsp;<\/p>\n<p class=\"x_MsoNormal\" style=\"text-align: justify;\"><span style=\"font-size: 14pt; font-family: arial, helvetica, sans-serif;\">Durante su gira de trabajo por la capital sinaloense, el presidente L\u00f3pez Obrador y el gobernador Quirino Ordaz Coppel, supervisaron la primera etapa del Revestimiento del Dren Bacurim\u00ed, donde ya se invirtieron 150 millones de pesos de un total de 450 millones de pesos que implicar\u00e1 el proyecto total.<\/span><\/p>\n<p style=\"text-align: justify;\">&nbsp;<\/p>\n<p class=\"x_MsoNormal\" style=\"text-align: justify;\"><span style=\"font-size: 14pt; font-family: arial, helvetica, sans-serif;\">En su intervenci\u00f3n, el mandatario estatal afirm\u00f3 que es una obra extraordinaria, la cual desde que se la plante\u00f3 al presidente la autoriz\u00f3 para transformar las colonias y beneficiar a miles de familias que han padecido inundaciones, da\u00f1os materiales y lamentablemente p\u00e9rdida de vidas humanas.<\/span><\/p>\n<p style=\"text-align: justify;\">&nbsp;<\/p>\n<p class=\"x_MsoNormal\" style=\"text-align: justify;\"><span style=\"font-size: 14pt; font-family: arial, helvetica, sans-serif;\">\u201cEsta obra no es cualquier obra, nadie le hab\u00eda entrado al toro por los cuernos como le est\u00e1 entrado usted presidente, para darle una soluci\u00f3n de fondo a la realidad que viven y que ofrecen todas&nbsp; estas comunidades\u201d, expres\u00f3.<\/span><\/p>\n<p style=\"text-align: justify;\">&nbsp;<\/p>\n<p class=\"x_MsoNormal\" style=\"text-align: justify;\"><span style=\"font-size: 14pt; font-family: arial, helvetica, sans-serif;\">Ante esto, Quirino Ordaz agradeci\u00f3 el respaldo del Ejecutivo federal en la primera etapa y pidi\u00f3 su apoyo para continuar con la segunda fase del proyecto, solicit\u00e1ndole una inversi\u00f3n de 150 millones de pesos m\u00e1s.<\/span><\/p>\n<p style=\"text-align: justify;\">&nbsp;<\/p>\n<p class=\"x_MsoNormal\" style=\"text-align: justify;\"><span style=\"font-size: 14pt; font-family: arial, helvetica, sans-serif;\">L\u00f3pez Obrador, asegur\u00f3 que es una importante obra que busca evitar inundaciones en perjuicio de la gente, donde se constata y demuestra que, es mejor prevenir que lamentar.<\/span><\/p>\n<p style=\"text-align: justify;\">&nbsp;<\/p>\n<p class=\"x_MsoNormal\" style=\"text-align: justify;\"><span style=\"font-size: 14pt; font-family: arial, helvetica, sans-serif;\">\u201cTambi\u00e9n ahorramos recursos, cuando se desatienden estas obras, se producen las inundaciones, y hay afectaci\u00f3n a familias, enseres dom\u00e9sticos, se mete el agua a las casas, a los departamentos y tiene que declararse emergencia y participa el Fonden\u201d, a\u00f1adi\u00f3.<\/span><\/p>\n<p style=\"text-align: justify;\">&nbsp;<\/p>\n<p class=\"x_MsoNormal\" style=\"text-align: justify;\"><span style=\"font-size: 14pt; font-family: arial, helvetica, sans-serif;\">Por ello, en nombre del Gobierno Federal, Andr\u00e9s Manuel L\u00f3pez Obrador se comprometi\u00f3 a que se culmine la segunda y tercera etapa con recursos federales del Presupuesto del a\u00f1o 2021, para garantizar que no se presenten m\u00e1s inundaciones.<\/span><\/p>\n<p style=\"text-align: justify;\">&nbsp;<\/p>\n<p class=\"x_MsoNormal\" style=\"text-align: justify;\"><span style=\"font-size: 14pt; font-family: arial, helvetica, sans-serif;\">A su vez, el secretario de Obras P\u00fablicas, Osbaldo L\u00f3pez \u00c1ngulo explic\u00f3 que en esta primera fase de ampliaci\u00f3n y revestimiento de mil 600 metros lineales, que parte desde la descarga del agua del R\u00edo Culiac\u00e1n, permitir\u00e1 el doble de desfogue de agua de lo que antes se ten\u00eda.<\/span><\/p>\n<p style=\"text-align: justify;\">&nbsp;<\/p>\n<p class=\"x_MsoNormal\" style=\"text-align: justify;\"><span style=\"font-size: 14pt; font-family: arial, helvetica, sans-serif;\">\u201cEn esta primera fase estamos llevando a cabo una inversi\u00f3n de 150 millones de pesos, la cual se compone de una mezcla de recursos entre el gobierno federal y estatal. Los fondos provienen del Fondo Metropolitano\u201d, subray\u00f3.<\/span><\/p>\n<p style=\"text-align: justify;\">&nbsp;<\/p>\n<p class=\"x_MsoNormal\" style=\"text-align: justify;\"><span style=\"font-size: 14pt; font-family: arial, helvetica, sans-serif;\">L\u00f3pez Angulo detall\u00f3 que esta etapa tambi\u00e9n contempla la ampliaci\u00f3n y la nueva construcci\u00f3n de tres puentes que estar\u00e1n adecuados a la nueva secci\u00f3n del Dren Bacurim\u00ed.<\/span><\/p>\n<p style=\"text-align: justify;\">&nbsp;<\/p>\n<p class=\"x_MsoNormal\" style=\"text-align: justify;\"><span style=\"font-size: 14pt; font-family: arial, helvetica, sans-serif;\">En el evento tambi\u00e9n estuvo presente la directora general de CONAGUA, Blanca Elena Jim\u00e9nez Cisneros, quien se\u00f1al\u00f3 que estos trabajos permitir\u00e1n dar la atenci\u00f3n a 72 mil habitantes de este sector de Culiac\u00e1n, y por parte de la Comisi\u00f3n, se construir\u00e1 la estructura de descarga con recursos del Fondo de Desastres Naturales.<\/span><\/p>\n<p style=\"text-align: justify;\">&nbsp;<\/p>\n<p class=\"x_MsoNormal\" style=\"text-align: justify;\"><span style=\"font-size: 14pt; font-family: arial, helvetica, sans-serif;\">\u201cHoy se\u00f1or presidente, gracias al trabajo en equipo encabezado por usted, estamos viendo el avance de varias obras con gran beneficio social para los habitantes de Sinaloa, esto ha sido posible gracias al buen entendimiento que hay entre el gobierno federal con el gobierno estatal en todos los niveles\u201d, dijo.<\/span><\/p>\n<p style=\"text-align: justify;\">&nbsp;<\/p>\n<p class=\"x_MsoNormal\" style=\"text-align: justify;\"><span style=\"font-size: 14pt; font-family: arial, helvetica, sans-serif;\">Por \u00faltimo, el presidente de la Rep\u00fablica reconoci\u00f3 al gobernador Quirino Ordaz Coppel por ser un hombre trabajador, ocupado en atender a la gente y gobernar para el pueblo, adem\u00e1s de estar preparado en materia de administraci\u00f3n p\u00fablica.<\/span><\/p>\n<p style=\"text-align: justify;\">&nbsp;<\/p>\n<p class=\"x_MsoNormal\" style=\"text-align: justify;\"><span style=\"font-size: 14pt; font-family: arial, helvetica, sans-serif;\">En el evento tambi\u00e9n estuvieron presentes la directora general de CONAGUA, Blanca Elena Jim\u00e9nez Cisneros; el vocero oficial de la Presidencia de la Rep\u00fablica, Jes\u00fas Ram\u00edrez Cuevas; y el alcalde de Culiac\u00e1n, Jes\u00fas Estrada Ferreiro.<\/span><\/p>\n<p style=\"text-align: justify;\">&nbsp;<\/p>\n<p class=\"x_MsoNormal\" style=\"text-align: justify;\"><span style=\"font-size: 14pt; font-family: arial, helvetica, sans-serif;\"><b>Primera etapa del Dren Bacurim\u00ed en cifras:<\/b><\/span><\/p>\n<p class=\"x_MsoNormal\" style=\"text-align: justify;\"><span style=\"font-size: 14pt; font-family: arial, helvetica, sans-serif;\">1,600 metros lineales<\/span><\/p>\n<p class=\"x_MsoNormal\" style=\"text-align: justify;\"><span style=\"font-size: 14pt; font-family: arial, helvetica, sans-serif;\">30 metros de ancho<\/span><\/p>\n<p class=\"x_MsoNormal\" style=\"text-align: justify;\"><span style=\"font-size: 14pt; font-family: arial, helvetica, sans-serif;\">6.80 metros de altura<\/span><\/p>\n<p class=\"x_MsoNormal\" style=\"text-align: justify;\"><span style=\"font-size: 14pt; font-family: arial, helvetica, sans-serif;\">150 millones de pesos de inversi\u00f3n<\/span><\/p>\n<p class=\"x_MsoNormal\" style=\"text-align: justify;\"><span style=\"font-size: 14pt; font-family: arial, helvetica, sans-serif;\">3 puentes de 34 metros de longitud c\/u<\/span><\/p>\n<p class=\"x_MsoNormal\" style=\"text-align: justify;\"><span style=\"font-size: 14pt; font-family: arial, helvetica, sans-serif;\">Colonias beneficiadas: Valle Alto, La Conquista, Cedros, Portalegre, Villas del R\u00edo<\/span><\/p>\n<p class=\"x_MsoNormal\" style=\"text-align: justify;\"><span style=\"font-size: 14pt; font-family: arial, helvetica, sans-serif;\">72 mil habitantes beneficiados.<\/span><\/p>\n<p style=\"text-align: justify;\">&nbsp;<\/p>\n<p style=\"text-align: justify;\">&nbsp;<\/p>\n<p style=\"text-align: justify;\"><span style=\"font-size: 14pt; font-family: arial, helvetica, sans-serif;\">REDACCI\u00d3N\/VISI\u00d3N CIUDADANA.<\/span><\/p>\n","protected":false},"excerpt":{"rendered":"<p>El presidente de la Rep\u00fablica, Andr\u00e9s Manuel L\u00f3pez Obrador, garantiz\u00f3 la conclusi\u00f3n de las pr\u00f3ximas dos etapas de la obra del Dren Bacurim\u00ed, la cual mitigar\u00e1 los riesgos de inundaciones, lo anterior en atenci\u00f3n al planteamiento del gobernador Quirino Ordaz Coppel de la necesidad de terminar este proyecto que ofrece protecci\u00f3n a la vida y [&hellip;]<\/p>\n","protected":false},"author":1,"featured_media":5121,"comment_status":"open","ping_status":"closed","sticky":false,"template":"","format":"standard","meta":{"footnotes":""},"categories":[24],"tags":[],"ppma_author":[31],"class_list":["post-13890","post","type-post","status-publish","format-standard","has-post-thumbnail","hentry","category-relevantes"],"aioseo_notices":[],"authors":[{"term_id":31,"user_id":1,"is_guest":0,"slug":"ivan3vino","display_name":"Iv\u00e1n Trevi\u00f1o","avatar_url":{"url":"https:\/\/visionciudadana.com.mx\/oficial\/wp-content\/uploads\/2025\/09\/columna-ivan-Trevino.png","url2x":"https:\/\/visionciudadana.com.mx\/oficial\/wp-content\/uploads\/2025\/09\/columna-ivan-Trevino.png"},"0":null,"1":"","2":"","3":"","4":"","5":"","6":"","7":"","8":""}],"_links":{"self":[{"href":"https:\/\/visionciudadana.com.mx\/oficial\/wp-json\/wp\/v2\/posts\/13890","targetHints":{"allow":["GET"]}}],"collection":[{"href":"https:\/\/visionciudadana.com.mx\/oficial\/wp-json\/wp\/v2\/posts"}],"about":[{"href":"https:\/\/visionciudadana.com.mx\/oficial\/wp-json\/wp\/v2\/types\/post"}],"author":[{"embeddable":true,"href":"https:\/\/visionciudadana.com.mx\/oficial\/wp-json\/wp\/v2\/users\/1"}],"replies":[{"embeddable":true,"href":"https:\/\/visionciudadana.com.mx\/oficial\/wp-json\/wp\/v2\/comments?post=13890"}],"version-history":[{"count":0,"href":"https:\/\/visionciudadana.com.mx\/oficial\/wp-json\/wp\/v2\/posts\/13890\/revisions"}],"wp:featuredmedia":[{"embeddable":true,"href":"https:\/\/visionciudadana.com.mx\/oficial\/wp-json\/wp\/v2\/posts\/5121"}],"wp:attachment":[{"href":"https:\/\/visionciudadana.com.mx\/oficial\/wp-json\/wp\/v2\/media?parent=13890"}],"wp:term":[{"taxonomy":"category","embeddable":true,"href":"https:\/\/visionciudadana.com.mx\/oficial\/wp-json\/wp\/v2\/categories?post=13890"},{"taxonomy":"post_tag","embeddable":true,"href":"https:\/\/visionciudadana.com.mx\/oficial\/wp-json\/wp\/v2\/tags?post=13890"},{"taxonomy":"author","embeddable":true,"href":"https:\/\/visionciudadana.com.mx\/oficial\/wp-json\/wp\/v2\/ppma_author?post=13890"}],"curies":[{"name":"wp","href":"https:\/\/api.w.org\/{rel}","templated":true}]}}