{"id":13889,"date":"2020-08-05T20:57:56","date_gmt":"2020-08-05T20:57:56","guid":{"rendered":"https:\/\/visionciudadana.com.mx\/prueba\/2020\/08\/05\/promover-la-lactancia-materna-es-un-trabajo-constante-en-el-hospital-de-la-mujer-dr-oscar-garzon\/"},"modified":"2020-08-05T20:57:56","modified_gmt":"2020-08-05T20:57:56","slug":"promover-la-lactancia-materna-es-un-trabajo-constante-en-el-hospital-de-la-mujer-dr-oscar-garzon","status":"publish","type":"post","link":"https:\/\/visionciudadana.com.mx\/oficial\/2020\/08\/05\/promover-la-lactancia-materna-es-un-trabajo-constante-en-el-hospital-de-la-mujer-dr-oscar-garzon\/","title":{"rendered":"Promover la lactancia materna es un trabajo constante en el Hospital de la Mujer: Dr. Oscar Garz\u00f3n"},"content":{"rendered":"<p style=\"text-align: justify;\"><img decoding=\"async\" style=\"display: block; margin-left: auto; margin-right: auto;\" src=\"images\/2020\/agosto20\/oscar_garz\u00f3n.PNG\" alt=\"oscar garz\u00f3n\" \/><\/p>\n<p class=\"x_MsoNormal\" style=\"text-align: justify;\"><span lang=\"ES\" style=\"font-size: 14pt; font-family: arial, helvetica, sans-serif;\">Con motivo de la celebraci\u00f3n de la Semana de la Lactancia del 01 al 07 de agosto, el Hospital de la Mujer realizar\u00e1 actividades como capacitaci\u00f3n de manera virtual a su personal para reforzar las acciones de promoci\u00f3n a la lactancia materna.<\/span><\/p>\n<p style=\"text-align: justify;\">&nbsp;<\/p>\n<p class=\"x_MsoNormal\" style=\"text-align: justify;\"><span lang=\"ES\" style=\"font-size: 14pt; font-family: arial, helvetica, sans-serif;\">El Dr. Oscar Garz\u00f3n L\u00f3pez, Director del Hospital de la Mujer, reiter\u00f3 que este nosocomio es PRO lactancia materna y se promueven platicas con las pacientes desde que llevan su consulta externa, cuando se encuentran en labor de parto y en quir\u00f3fano, pues al momento del nacimiento del bebe el tener contacto con la piel de la mam\u00e1 estimula que el bebe tome seno materno.<\/span><\/p>\n<p style=\"text-align: justify;\">&nbsp;<\/p>\n<p class=\"x_MsoNormal\" style=\"text-align: justify;\"><span lang=\"ES\" style=\"font-size: 14pt; font-family: arial, helvetica, sans-serif;\">\u201cLa lactancia es el alimento perfecto para un bebe, le genera la mejor digesti\u00f3n posible porque contiene la mayor cantidad de prote\u00ednas y grasas perfectas para el cuerpo del bebe para un \u00f3ptimo crecimiento. Esa leche tiene anticuerpos, por lo tanto, \u00e9l bebe tiene menos riesgo de asma, y debido a esos anticuerpos hay menor riesgo de que tenga neumon\u00eda, leucemia, diarreas, en su infancia y vida adulta est\u00e1 demostrado que tienen menos obesidad, menos enfermedades cardiovasculares, son ni\u00f1os que tienen mucho intelecto porque promueve la autoestima en esos bebes y por lo tanto los hace mejores humanos\u201d, afirm\u00f3.<\/span><\/p>\n<p style=\"text-align: justify;\">&nbsp;<\/p>\n<p class=\"x_MsoNormal\" style=\"text-align: justify;\"><span lang=\"ES\" style=\"font-size: 14pt; font-family: arial, helvetica, sans-serif;\">Asimismo, record\u00f3 que otros de los beneficios para las mam\u00e1s que dan leche materna, es que disminuyen riesgos de desarrollar anemia, osteoporosis, c\u00e1ncer de mama y ovario, adem\u00e1s la mam\u00e1 baja m\u00e1s r\u00e1pido de peso.<\/span><\/p>\n<p style=\"text-align: justify;\">&nbsp;<\/p>\n<p class=\"x_MsoNormal\" style=\"text-align: justify;\"><span lang=\"ES\" style=\"font-size: 14pt; font-family: arial, helvetica, sans-serif;\">Reiter\u00f3 que la leche materna tambi\u00e9n otorga beneficios a la econom\u00eda familiar, porque con la lactancia materna exclusiva esta mam\u00e1 ayuda a recortar un gasto que es entre el 30 al 40% que se gastar\u00eda en leche de lata.<\/span><\/p>\n<p style=\"text-align: justify;\">&nbsp;<\/p>\n<p style=\"text-align: justify;\">&nbsp;<\/p>\n<p style=\"text-align: justify;\"><span style=\"font-size: 14pt; font-family: arial, helvetica, sans-serif;\">REDACCI\u00d3N\/VISI\u00d3N CIUDADANA.<\/span><\/p>\n","protected":false},"excerpt":{"rendered":"<p>Con motivo de la celebraci\u00f3n de la Semana de la Lactancia del 01 al 07 de agosto, el Hospital de la Mujer realizar\u00e1 actividades como capacitaci\u00f3n de manera virtual a su personal para reforzar las acciones de promoci\u00f3n a la lactancia materna. &nbsp; El Dr. Oscar Garz\u00f3n L\u00f3pez, Director del Hospital de la Mujer, reiter\u00f3 [&hellip;]<\/p>\n","protected":false},"author":1,"featured_media":5119,"comment_status":"open","ping_status":"closed","sticky":false,"template":"","format":"standard","meta":{"footnotes":""},"categories":[24],"tags":[],"ppma_author":[31],"class_list":["post-13889","post","type-post","status-publish","format-standard","has-post-thumbnail","hentry","category-relevantes"],"aioseo_notices":[],"authors":[{"term_id":31,"user_id":1,"is_guest":0,"slug":"ivan3vino","display_name":"Iv\u00e1n Trevi\u00f1o","avatar_url":{"url":"https:\/\/visionciudadana.com.mx\/oficial\/wp-content\/uploads\/2025\/09\/columna-ivan-Trevino.png","url2x":"https:\/\/visionciudadana.com.mx\/oficial\/wp-content\/uploads\/2025\/09\/columna-ivan-Trevino.png"},"0":null,"1":"","2":"","3":"","4":"","5":"","6":"","7":"","8":""}],"_links":{"self":[{"href":"https:\/\/visionciudadana.com.mx\/oficial\/wp-json\/wp\/v2\/posts\/13889","targetHints":{"allow":["GET"]}}],"collection":[{"href":"https:\/\/visionciudadana.com.mx\/oficial\/wp-json\/wp\/v2\/posts"}],"about":[{"href":"https:\/\/visionciudadana.com.mx\/oficial\/wp-json\/wp\/v2\/types\/post"}],"author":[{"embeddable":true,"href":"https:\/\/visionciudadana.com.mx\/oficial\/wp-json\/wp\/v2\/users\/1"}],"replies":[{"embeddable":true,"href":"https:\/\/visionciudadana.com.mx\/oficial\/wp-json\/wp\/v2\/comments?post=13889"}],"version-history":[{"count":0,"href":"https:\/\/visionciudadana.com.mx\/oficial\/wp-json\/wp\/v2\/posts\/13889\/revisions"}],"wp:featuredmedia":[{"embeddable":true,"href":"https:\/\/visionciudadana.com.mx\/oficial\/wp-json\/wp\/v2\/posts\/5119"}],"wp:attachment":[{"href":"https:\/\/visionciudadana.com.mx\/oficial\/wp-json\/wp\/v2\/media?parent=13889"}],"wp:term":[{"taxonomy":"category","embeddable":true,"href":"https:\/\/visionciudadana.com.mx\/oficial\/wp-json\/wp\/v2\/categories?post=13889"},{"taxonomy":"post_tag","embeddable":true,"href":"https:\/\/visionciudadana.com.mx\/oficial\/wp-json\/wp\/v2\/tags?post=13889"},{"taxonomy":"author","embeddable":true,"href":"https:\/\/visionciudadana.com.mx\/oficial\/wp-json\/wp\/v2\/ppma_author?post=13889"}],"curies":[{"name":"wp","href":"https:\/\/api.w.org\/{rel}","templated":true}]}}