{"id":13882,"date":"2020-08-04T20:45:30","date_gmt":"2020-08-04T20:45:30","guid":{"rendered":"https:\/\/visionciudadana.com.mx\/prueba\/2020\/08\/04\/se-suma-premier-automotriz-a-la-reforestacion-de-sinaloa\/"},"modified":"2020-08-04T20:45:30","modified_gmt":"2020-08-04T20:45:30","slug":"se-suma-premier-automotriz-a-la-reforestacion-de-sinaloa","status":"publish","type":"post","link":"https:\/\/visionciudadana.com.mx\/oficial\/2020\/08\/04\/se-suma-premier-automotriz-a-la-reforestacion-de-sinaloa\/","title":{"rendered":"Se suma Premier Automotriz a la reforestaci\u00f3n de Sinaloa"},"content":{"rendered":"<p style=\"text-align: justify;\"><img decoding=\"async\" style=\"display: block; margin-left: auto; margin-right: auto;\" src=\"images\/2020\/agosto20\/camiones.PNG\" alt=\"camiones\" \/><\/p>\n<p class=\"x_MsoNormal\" style=\"text-align: justify;\"><span style=\"font-size: 14pt; font-family: arial, helvetica, sans-serif;\">Premier Automotriz apoyar\u00e1 la campa\u00f1a de reforestaci\u00f3n urbana que impulsa la Secretar\u00eda de Desarrollo Sustentable en Sinaloa con el traslado de 6 mil \u00e1rboles regionales para que sean sembrados en Ahome y Mazatl\u00e1n.<\/span><\/p>\n<p style=\"text-align: justify;\">&nbsp;<\/p>\n<p class=\"x_MsoNormal\" style=\"text-align: justify;\"><span style=\"font-size: 14pt; font-family: arial, helvetica, sans-serif;\">El secretario Carlos Gandarilla Garc\u00eda se\u00f1al\u00f3 que se busca sensibilizar y movilizar de forma voluntaria a la iniciativa privada a sumar esfuerzos en la b\u00fasqueda de la recuperaci\u00f3n de espacios verdes en el estado.<\/span><\/p>\n<p style=\"text-align: justify;\">&nbsp;<\/p>\n<p class=\"x_MsoNormal\" style=\"text-align: justify;\"><span style=\"font-size: 14pt; font-family: arial, helvetica, sans-serif;\">Explic\u00f3 que en esta primera etapa se dio el banderazo de salida a los camiones que llevar\u00e1n especies de Amapa, Tabach\u00edn, Mezquite y Acacia para que sean plantados con la participaci\u00f3n de organizaciones civiles y de los gobiernos municipales.<\/span><\/p>\n<p style=\"text-align: justify;\">&nbsp;<\/p>\n<p class=\"x_MsoNormal\" style=\"text-align: justify;\"><span style=\"font-size: 14pt; font-family: arial, helvetica, sans-serif;\">A nombre del gobierno de Quirino Ordaz Coppel, el titular de la SEDESU agradeci\u00f3 a Premier Automotriz socialmente responsable el apoyo con la log\u00edstica para el traslado de plantas e invit\u00f3 a m\u00e1s empresas a colaborar en el cuidado del medio ambiente.<\/span><\/p>\n<p style=\"text-align: justify;\">&nbsp;<\/p>\n<p class=\"x_MsoNormal\" style=\"text-align: justify;\"><span style=\"font-size: 14pt; font-family: arial, helvetica, sans-serif;\">Remo Romo G\u00e1lvez, gerente de ventas de Hino, dijo que es muy satisfactorio como empresa contribuir con la reforestaci\u00f3n y el rescate de \u00e1reas verdes y que en una siguiente etapa aportar\u00e1n el traslado de \u00e1rboles a otros municipios de Sinaloa.<\/span><\/p>\n<p style=\"text-align: justify;\">&nbsp;<\/p>\n<p class=\"x_MsoNormal\" style=\"text-align: justify;\"><span style=\"font-size: 14pt; font-family: arial, helvetica, sans-serif;\">En la salida de estos camiones tambi\u00e9n particip\u00f3 Laura Ibarra, gerente de Cultura Organizacional y Lucero Medina Palazuelos, gerente de ventas de Camiones Premier<\/span><\/p>\n<p style=\"text-align: justify;\">&nbsp;<\/p>\n<p style=\"text-align: justify;\">&nbsp;<\/p>\n<p style=\"text-align: justify;\"><span style=\"font-size: 14pt; font-family: arial, helvetica, sans-serif;\">REDACCI\u00d3N\/VISI\u00d3N CIUDADANA.<\/span><\/p>\n","protected":false},"excerpt":{"rendered":"<p>Premier Automotriz apoyar\u00e1 la campa\u00f1a de reforestaci\u00f3n urbana que impulsa la Secretar\u00eda de Desarrollo Sustentable en Sinaloa con el traslado de 6 mil \u00e1rboles regionales para que sean sembrados en Ahome y Mazatl\u00e1n. &nbsp; El secretario Carlos Gandarilla Garc\u00eda se\u00f1al\u00f3 que se busca sensibilizar y movilizar de forma voluntaria a la iniciativa privada a sumar [&hellip;]<\/p>\n","protected":false},"author":1,"featured_media":5109,"comment_status":"open","ping_status":"closed","sticky":false,"template":"","format":"standard","meta":{"footnotes":""},"categories":[24],"tags":[],"ppma_author":[31],"class_list":["post-13882","post","type-post","status-publish","format-standard","has-post-thumbnail","hentry","category-relevantes"],"aioseo_notices":[],"authors":[{"term_id":31,"user_id":1,"is_guest":0,"slug":"ivan3vino","display_name":"Iv\u00e1n Trevi\u00f1o","avatar_url":{"url":"https:\/\/visionciudadana.com.mx\/oficial\/wp-content\/uploads\/2025\/09\/columna-ivan-Trevino.png","url2x":"https:\/\/visionciudadana.com.mx\/oficial\/wp-content\/uploads\/2025\/09\/columna-ivan-Trevino.png"},"0":null,"1":"","2":"","3":"","4":"","5":"","6":"","7":"","8":""}],"_links":{"self":[{"href":"https:\/\/visionciudadana.com.mx\/oficial\/wp-json\/wp\/v2\/posts\/13882","targetHints":{"allow":["GET"]}}],"collection":[{"href":"https:\/\/visionciudadana.com.mx\/oficial\/wp-json\/wp\/v2\/posts"}],"about":[{"href":"https:\/\/visionciudadana.com.mx\/oficial\/wp-json\/wp\/v2\/types\/post"}],"author":[{"embeddable":true,"href":"https:\/\/visionciudadana.com.mx\/oficial\/wp-json\/wp\/v2\/users\/1"}],"replies":[{"embeddable":true,"href":"https:\/\/visionciudadana.com.mx\/oficial\/wp-json\/wp\/v2\/comments?post=13882"}],"version-history":[{"count":0,"href":"https:\/\/visionciudadana.com.mx\/oficial\/wp-json\/wp\/v2\/posts\/13882\/revisions"}],"wp:featuredmedia":[{"embeddable":true,"href":"https:\/\/visionciudadana.com.mx\/oficial\/wp-json\/wp\/v2\/posts\/5109"}],"wp:attachment":[{"href":"https:\/\/visionciudadana.com.mx\/oficial\/wp-json\/wp\/v2\/media?parent=13882"}],"wp:term":[{"taxonomy":"category","embeddable":true,"href":"https:\/\/visionciudadana.com.mx\/oficial\/wp-json\/wp\/v2\/categories?post=13882"},{"taxonomy":"post_tag","embeddable":true,"href":"https:\/\/visionciudadana.com.mx\/oficial\/wp-json\/wp\/v2\/tags?post=13882"},{"taxonomy":"author","embeddable":true,"href":"https:\/\/visionciudadana.com.mx\/oficial\/wp-json\/wp\/v2\/ppma_author?post=13882"}],"curies":[{"name":"wp","href":"https:\/\/api.w.org\/{rel}","templated":true}]}}