{"id":13872,"date":"2020-08-03T21:23:31","date_gmt":"2020-08-03T21:23:31","guid":{"rendered":"https:\/\/visionciudadana.com.mx\/prueba\/2020\/08\/03\/propone-el-pri-apoyos-a-familias-de-escasos-recursos-en-el-regreso-a-clases\/"},"modified":"2020-08-03T21:23:31","modified_gmt":"2020-08-03T21:23:31","slug":"propone-el-pri-apoyos-a-familias-de-escasos-recursos-en-el-regreso-a-clases","status":"publish","type":"post","link":"https:\/\/visionciudadana.com.mx\/oficial\/2020\/08\/03\/propone-el-pri-apoyos-a-familias-de-escasos-recursos-en-el-regreso-a-clases\/","title":{"rendered":"Propone el PRI apoyos a familias de escasos recursos en el regreso a clases"},"content":{"rendered":"<p style=\"text-align: justify;\">&nbsp;<\/p>\n<p class=\"x_gmail-MsoListParagraphCxSpFirst\" style=\"text-align: justify;\"><img decoding=\"async\" style=\"display: block; margin-left: auto; margin-right: auto;\" src=\"images\/2020\/agosto20\/pris_nacs.PNG\" alt=\"pris nacs\" \/><\/p>\n<p class=\"x_gmail-MsoListParagraphCxSpFirst\" style=\"text-align: justify;\"><span style=\"font-size: 14pt; font-family: arial, helvetica, sans-serif;\"><span lang=\"ES-TRAD\">Los padres de las familias mexicanas \u201cno estamos dispuestos a seguir sacrificando la educaci\u00f3n de nuestros hijos por el mal manejo del gobierno de Morena durante esta pandemia\u201d, dijo el Presidente Nacional del PRI, Alejandro Moreno.<\/span><\/span><\/p>\n<p class=\"x_gmail-MsoListParagraphCxSpLast\" style=\"text-align: justify;\">&nbsp;<\/p>\n<p class=\"x_gmail-MsoListParagraphCxSpLast\" style=\"text-align: justify;\"><span lang=\"ES-TRAD\" style=\"font-size: 14pt; font-family: arial, helvetica, sans-serif;\">Propone entregar tabletas con libros de texto y materiales precargados, apoyo econ\u00f3mico a quienes tengan hijos en edad escolar, descuentos de 50% en tarifa el\u00e9ctrica a familias de escasos recursos con menores en escuela y no despedir a personal docente, que ha dado lo mejor de s\u00ed en esta pandemia.<\/span><\/p>\n<p style=\"text-align: justify;\">&nbsp;<\/p>\n<p class=\"x_MsoNormal\" style=\"text-align: justify;\"><span style=\"font-size: 14pt; font-family: arial, helvetica, sans-serif;\">Est\u00e1 por iniciar el ciclo escolar, pero no ser\u00e1 un regreso normal a clases, afirm\u00f3 Alejandro Moreno, Presidente Nacional del PRI.<\/span><\/p>\n<p class=\"x_MsoNormal\" style=\"text-align: justify;\"><span style=\"font-size: 14pt; font-family: arial, helvetica, sans-serif;\">Por eso, inform\u00f3, el PRI presenta cuatro propuestas para apoyar a las familias y a los alumnos:<\/span><\/p>\n<p style=\"text-align: justify;\">&nbsp;<\/p>\n<p class=\"x_gmail-MsoListParagraphCxSpFirst\" style=\"text-align: justify;\"><span style=\"font-size: 14pt; font-family: arial, helvetica, sans-serif;\"><b><span lang=\"ES-TRAD\">Programa de Inclusi\u00f3n y Alfabetizaci\u00f3n Digital.<\/span><\/b><span lang=\"ES-TRAD\">&nbsp;Relanzar el Programa de Inclusi\u00f3n y Alfabetizaci\u00f3n Digital para entregar tabletas con libros de texto y material did\u00e1ctico precargado a los estudiantes que lo necesiten para que puedan estudiar en casa, con mejores herramientas.<\/span><\/span><\/p>\n<p style=\"text-align: justify;\">&nbsp;<\/p>\n<p class=\"x_gmail-MsoListParagraphCxSpMiddle\" style=\"text-align: justify;\"><span style=\"font-size: 14pt; font-family: arial, helvetica, sans-serif;\"><b><span lang=\"ES-TRAD\">Apoyo Econ\u00f3mico a Familias de Escasos Recursos.<\/span><\/b><span lang=\"ES-TRAD\">&nbsp;Muchas familias quedaron sin recursos por la pandemia, y tenemos que apoyarlas. Por eso, proponemos dar un apoyo econ\u00f3mico a las familias de escasos recursos con ni\u00f1os en edad escolar para que puedan solventar los gastos que significa educar a sus hijos desde su casa.<\/span><\/span><\/p>\n<p style=\"text-align: justify;\">&nbsp;<\/p>\n<p class=\"x_gmail-MsoListParagraphCxSpMiddle\" style=\"text-align: justify;\"><span style=\"font-size: 14pt; font-family: arial, helvetica, sans-serif;\"><b><span lang=\"ES-TRAD\">Subsidio a la Luz del 50%.&nbsp;<\/span><\/b><span lang=\"ES-TRAD\">Tener a los ni\u00f1os en casa ha ocasionado un aumento del gasto de energ\u00eda el\u00e9ctrica, que ha afectado la econom\u00eda de las familias. Por esos, proponemos dar un subsidio&nbsp; a la luz del 50% para las familias con hijos en edad escolar.<\/span><\/span><\/p>\n<p style=\"text-align: justify;\">&nbsp;<\/p>\n<p class=\"x_gmail-MsoListParagraphCxSpLast\" style=\"text-align: justify;\"><span style=\"font-size: 14pt; font-family: arial, helvetica, sans-serif;\"><b><span lang=\"ES-TRAD\">Ning\u00fan Maestro o Personal Escolar Ser\u00e1 Despedido.<\/span><\/b><span lang=\"ES-TRAD\">&nbsp;No podemos dejar fuera al personal al personal docente, que ha dado lo mejor de s\u00ed en esta pandemia. Pedimos que se garantice que ning\u00fan maestro o personal escolar sea despedido durante este periodo. \u00a1Qu\u00e9 no se pierda ni un empleo m\u00e1s!<\/span><\/span><\/p>\n<p style=\"text-align: justify;\">&nbsp;<\/p>\n<p class=\"x_MsoNormal\" style=\"text-align: justify;\"><span style=\"font-size: 14pt; font-family: arial, helvetica, sans-serif;\">Alejandro Moreno argument\u00f3 que el PRI comparte que la salud de los ni\u00f1os debe ser la prioridad, por lo que hizo un llamado a respetar las indicaciones del gobierno federal con respecto al regreso a clases. Al mismo tiempo, dijo, \u201csabemos que los padres de familia est\u00e1n preocupados por la educaci\u00f3n de sus hijos y que cada d\u00eda el dinero les alcanza menos\u201d.<\/span><\/p>\n<p style=\"text-align: justify;\">&nbsp;<\/p>\n<p class=\"x_MsoNormal\" style=\"text-align: justify;\"><span style=\"font-size: 14pt; font-family: arial, helvetica, sans-serif;\">Expuso que \u201ccomo pap\u00e1, entiendo las dificultades que enfrentan much\u00edsimos padres de familia, que se convirtieron en maestras y maestros de la noche a la ma\u00f1ana, y muchos han tenido que dejar de trabajar para atender a sus hijos, perdiendo a\u00fan m\u00e1s ingresos, en medio de una grav\u00edsima crisis de salud y una grav\u00edsima crisis econ\u00f3mica\u201d.<\/span><\/p>\n<p style=\"text-align: justify;\">&nbsp;<\/p>\n<p class=\"x_MsoNormal\" style=\"text-align: justify;\"><span style=\"font-size: 14pt; font-family: arial, helvetica, sans-serif;\">Advirti\u00f3 la necesidad de proponer medidas puntuales para garantizar que todos los ni\u00f1os puedan seguir aprendiendo, y que la educaci\u00f3n a distancia sea de calidad y no represente una carga para los padres de familia. \u201cCuentan con el PRI para poner la educaci\u00f3n primero\u201d, subray\u00f3.<\/span><\/p>\n<p style=\"text-align: justify;\">&nbsp;<\/p>\n<p class=\"x_MsoNormal\" style=\"text-align: justify;\"><span style=\"font-size: 14pt; font-family: arial, helvetica, sans-serif;\">Finalmente, expres\u00f3 que M\u00e9xico va a salir adelante, ya que, dijo, \u201cconfiamos en que tenemos la fuerza y la entereza para seguir dando todo, todo, por nuestro pa\u00eds\u201d.<\/span><\/p>\n<p style=\"text-align: justify;\">&nbsp;<\/p>\n<p style=\"text-align: justify;\">&nbsp;<\/p>\n<p style=\"text-align: justify;\"><span style=\"font-size: 14pt; font-family: arial, helvetica, sans-serif;\">REDACCI\u00d3N\/VISI\u00d3N CIUDADANA.<\/span><\/p>\n","protected":false},"excerpt":{"rendered":"<p>&nbsp; Los padres de las familias mexicanas \u201cno estamos dispuestos a seguir sacrificando la educaci\u00f3n de nuestros hijos por el mal manejo del gobierno de Morena durante esta pandemia\u201d, dijo el Presidente Nacional del PRI, Alejandro Moreno. &nbsp; Propone entregar tabletas con libros de texto y materiales precargados, apoyo econ\u00f3mico a quienes tengan hijos en [&hellip;]<\/p>\n","protected":false},"author":1,"featured_media":5091,"comment_status":"open","ping_status":"closed","sticky":false,"template":"","format":"standard","meta":{"footnotes":""},"categories":[24],"tags":[],"ppma_author":[31],"class_list":["post-13872","post","type-post","status-publish","format-standard","has-post-thumbnail","hentry","category-relevantes"],"aioseo_notices":[],"authors":[{"term_id":31,"user_id":1,"is_guest":0,"slug":"ivan3vino","display_name":"Iv\u00e1n Trevi\u00f1o","avatar_url":{"url":"https:\/\/visionciudadana.com.mx\/oficial\/wp-content\/uploads\/2025\/09\/columna-ivan-Trevino.png","url2x":"https:\/\/visionciudadana.com.mx\/oficial\/wp-content\/uploads\/2025\/09\/columna-ivan-Trevino.png"},"0":null,"1":"","2":"","3":"","4":"","5":"","6":"","7":"","8":""}],"_links":{"self":[{"href":"https:\/\/visionciudadana.com.mx\/oficial\/wp-json\/wp\/v2\/posts\/13872","targetHints":{"allow":["GET"]}}],"collection":[{"href":"https:\/\/visionciudadana.com.mx\/oficial\/wp-json\/wp\/v2\/posts"}],"about":[{"href":"https:\/\/visionciudadana.com.mx\/oficial\/wp-json\/wp\/v2\/types\/post"}],"author":[{"embeddable":true,"href":"https:\/\/visionciudadana.com.mx\/oficial\/wp-json\/wp\/v2\/users\/1"}],"replies":[{"embeddable":true,"href":"https:\/\/visionciudadana.com.mx\/oficial\/wp-json\/wp\/v2\/comments?post=13872"}],"version-history":[{"count":0,"href":"https:\/\/visionciudadana.com.mx\/oficial\/wp-json\/wp\/v2\/posts\/13872\/revisions"}],"wp:featuredmedia":[{"embeddable":true,"href":"https:\/\/visionciudadana.com.mx\/oficial\/wp-json\/wp\/v2\/posts\/5091"}],"wp:attachment":[{"href":"https:\/\/visionciudadana.com.mx\/oficial\/wp-json\/wp\/v2\/media?parent=13872"}],"wp:term":[{"taxonomy":"category","embeddable":true,"href":"https:\/\/visionciudadana.com.mx\/oficial\/wp-json\/wp\/v2\/categories?post=13872"},{"taxonomy":"post_tag","embeddable":true,"href":"https:\/\/visionciudadana.com.mx\/oficial\/wp-json\/wp\/v2\/tags?post=13872"},{"taxonomy":"author","embeddable":true,"href":"https:\/\/visionciudadana.com.mx\/oficial\/wp-json\/wp\/v2\/ppma_author?post=13872"}],"curies":[{"name":"wp","href":"https:\/\/api.w.org\/{rel}","templated":true}]}}