{"id":11781,"date":"2019-08-20T13:47:52","date_gmt":"2019-08-20T13:47:52","guid":{"rendered":"https:\/\/visionciudadana.com.mx\/prueba\/2019\/08\/20\/sinaloa-la-sucesion-la-campana\/"},"modified":"2025-06-21T00:23:43","modified_gmt":"2025-06-21T00:23:43","slug":"sinaloa-la-sucesion-la-campana","status":"publish","type":"post","link":"https:\/\/visionciudadana.com.mx\/oficial\/2019\/08\/20\/sinaloa-la-sucesion-la-campana\/","title":{"rendered":"Sinaloa\u2026 la sucesi\u00f3n\u2026\u2026.La campa\u00f1a"},"content":{"rendered":"<p><img decoding=\"async\" style=\"margin-top: 20px; margin-right: 10px; float: left;\" src=\"images\/columnistas\/columna-joseluis.png\" alt=\"columna joseluis\" \/><\/p>\n<p style=\"text-align: justify;\"><span style=\"font-size: 14pt; font-family: arial, helvetica, sans-serif;\">Desde hace semanas he sostenido que la sucesi\u00f3n gubernamental por la silla que hoy en d\u00eda ocupa Quirino Ordaz Coppel ya se desat\u00f3, y que el principal protagonista de esa campa\u00f1a es el mismo gobernador, tanto que ha emplazado todas sus bater\u00edas con el fuego m\u00e1s intenso en las \u00faltimas semanas como no se le hab\u00eda visto antes.<\/span><\/p>\n<p style=\"text-align: justify;\"><span style=\"font-size: 14pt; font-family: arial, helvetica, sans-serif;\">Varias personas con quienes comentamos dicho tema fueron reacias e incluso califican de fantas\u00eda la posibilidad de que la primera dama, la Sra. Rossy Fuentes, estuviera en la palestra pol\u00edtica.<\/span><\/p>\n<p style=\"text-align: justify;\"><span style=\"font-size: 14pt; font-family: arial, helvetica, sans-serif;\">Hoy ya no cabe duda de una y otra cosa, despu\u00e9s de una semana de gira diaria de la primera dama, incluso acompa\u00f1ando a los secretarios del gabinete de su se\u00f1or esposo a repartir apoyos a los grupos vulnerables del sector pesquero, agropecuarios y de las zonas rurales, rompiendo la tradici\u00f3n de que ninguna primera dama se hab\u00eda inmiscuido en responsabilidades del ejecutivo estatal.<\/span><\/p>\n<p style=\"text-align: justify;\"><span style=\"font-size: 14pt; font-family: arial, helvetica, sans-serif;\">Como lo es tambi\u00e9n la encuesta que env\u00edan desde el tercer piso sobre los probables candidatos para el 2021 de los bloques del PRI y MORENA, donde ya incluyen a la esposa del gobernador como prospecto a la candidatura con un alto porcentaje a su favor, el m\u00e1s alto entre los priistas.<\/span><\/p>\n<p style=\"text-align: justify;\"><span style=\"font-size: 14pt; font-family: arial, helvetica, sans-serif;\">Y no se diga la publicidad orquestada con ese prop\u00f3sito que cada d\u00eda se abre m\u00e1s en los medios de comunicaci\u00f3n, incluyendo los denuestos y agravios en contra del prospecto de MORENA mejor posicionado, Rub\u00e9n Rocha Moya, incluso proyectando a Imelda Castro como una probable disputa entre damas, incluyendo a Tatiana Clouthier por el PAN, como si ese fuera el centro de las definiciones pol\u00edticas.<\/span><\/p>\n<p style=\"text-align: justify;\"><span style=\"font-size: 14pt; font-family: arial, helvetica, sans-serif;\">Las maniobras son muy obvias y son reflejos de actos desesperados que intentan a como d\u00e9 lugar frenar, y si se puede descalificar, a Rocha Moya, el principal obst\u00e1culo que ahora tiene el gobernador del estado en sus planes.<\/span><\/p>\n<p style=\"text-align: justify;\"><span style=\"font-size: 14pt; font-family: arial, helvetica, sans-serif;\">La intensidad de los ataques contra el morenista ha crecido a\u00fan despu\u00e9s del rechazo de las cuentas p\u00fablicas de gobernador por parte del congreso del estado, como tambi\u00e9n multiplicado el activismo de la primera dama, sucesos que no son casuales y se inscriben en una disputa que parece los perfila a ambos como los candidatos del PRI y MORENA.<\/span><\/p>\n<p style=\"text-align: justify;\"><span style=\"font-size: 14pt; font-family: arial, helvetica, sans-serif;\">Lo cierto es que el gobernador se ha lanzado ya en la b\u00fasqueda de su sucesor y lo est\u00e1 haciendo con agresividad, tiempo y aprovechando su mejor circunstancia, antes de que Rub\u00e9n Rocha logre su mejor posicionamiento, emerja Tatiana Clouthier y el PAN inicie su precampa\u00f1a.<\/span><\/p>\n<p style=\"text-align: justify;\"><span style=\"font-size: 14pt; font-family: arial, helvetica, sans-serif;\">Las maniobras son inteligentes, el gobernador opera adem\u00e1s con audacia y es muy probable que para noviembre se desate la trifulca pol\u00edtica que haga que lo de ahora se empeque\u00f1ezca.<\/span><\/p>\n","protected":false},"excerpt":{"rendered":"<p>Desde hace semanas he sostenido que la sucesi\u00f3n gubernamental por la silla que hoy en d\u00eda ocupa Quirino Ordaz Coppel ya se desat\u00f3, y que el principal protagonista de esa campa\u00f1a es el mismo gobernador, tanto que ha emplazado todas sus bater\u00edas con el fuego m\u00e1s intenso en las \u00faltimas semanas como no se le [&hellip;]<\/p>\n","protected":false},"author":5,"featured_media":172,"comment_status":"closed","ping_status":"closed","sticky":false,"template":"","format":"standard","meta":{"footnotes":""},"categories":[21],"tags":[],"ppma_author":[38],"class_list":["post-11781","post","type-post","status-publish","format-standard","has-post-thumbnail","hentry","category-jose-luis-lopez-duarte"],"aioseo_notices":[],"authors":[{"term_id":38,"user_id":5,"is_guest":0,"slug":"jose-luis-lopez-duarte","display_name":"Jos\u00e9 Luis L\u00f3pez Duarte","avatar_url":{"url":"https:\/\/visionciudadana.com.mx\/oficial\/wp-content\/uploads\/2021\/03\/columna-joseluis.png","url2x":"https:\/\/visionciudadana.com.mx\/oficial\/wp-content\/uploads\/2021\/03\/columna-joseluis.png"},"0":null,"1":"","2":"","3":"","4":"","5":"","6":"","7":"","8":""}],"_links":{"self":[{"href":"https:\/\/visionciudadana.com.mx\/oficial\/wp-json\/wp\/v2\/posts\/11781","targetHints":{"allow":["GET"]}}],"collection":[{"href":"https:\/\/visionciudadana.com.mx\/oficial\/wp-json\/wp\/v2\/posts"}],"about":[{"href":"https:\/\/visionciudadana.com.mx\/oficial\/wp-json\/wp\/v2\/types\/post"}],"author":[{"embeddable":true,"href":"https:\/\/visionciudadana.com.mx\/oficial\/wp-json\/wp\/v2\/users\/5"}],"replies":[{"embeddable":true,"href":"https:\/\/visionciudadana.com.mx\/oficial\/wp-json\/wp\/v2\/comments?post=11781"}],"version-history":[{"count":1,"href":"https:\/\/visionciudadana.com.mx\/oficial\/wp-json\/wp\/v2\/posts\/11781\/revisions"}],"predecessor-version":[{"id":22748,"href":"https:\/\/visionciudadana.com.mx\/oficial\/wp-json\/wp\/v2\/posts\/11781\/revisions\/22748"}],"wp:featuredmedia":[{"embeddable":true,"href":"https:\/\/visionciudadana.com.mx\/oficial\/wp-json\/wp\/v2\/media\/172"}],"wp:attachment":[{"href":"https:\/\/visionciudadana.com.mx\/oficial\/wp-json\/wp\/v2\/media?parent=11781"}],"wp:term":[{"taxonomy":"category","embeddable":true,"href":"https:\/\/visionciudadana.com.mx\/oficial\/wp-json\/wp\/v2\/categories?post=11781"},{"taxonomy":"post_tag","embeddable":true,"href":"https:\/\/visionciudadana.com.mx\/oficial\/wp-json\/wp\/v2\/tags?post=11781"},{"taxonomy":"author","embeddable":true,"href":"https:\/\/visionciudadana.com.mx\/oficial\/wp-json\/wp\/v2\/ppma_author?post=11781"}],"curies":[{"name":"wp","href":"https:\/\/api.w.org\/{rel}","templated":true}]}}