{"id":11640,"date":"2019-07-12T15:03:24","date_gmt":"2019-07-12T15:03:24","guid":{"rendered":"https:\/\/visionciudadana.com.mx\/prueba\/2019\/07\/12\/urzua-culpable-como-el-muerto\/"},"modified":"2025-06-21T00:23:44","modified_gmt":"2025-06-21T00:23:44","slug":"urzua-culpable-como-el-muerto","status":"publish","type":"post","link":"https:\/\/visionciudadana.com.mx\/oficial\/2019\/07\/12\/urzua-culpable-como-el-muerto\/","title":{"rendered":"URZUA \u00bfculpable?&#8230;&#8230;Como el muerto"},"content":{"rendered":"<p><img decoding=\"async\" style=\"margin-right: 10px; float: left;\" src=\"images\/columnistas\/columna-joseluis.png\" alt=\"columna joseluis\" \/><\/p>\n<p style=\"text-align: justify;\"><span style=\"font-family: arial, helvetica, sans-serif; font-size: 14pt;\">Ahora resulta que el ex secretario de hacienda Carlos Urz\u00faa es el culpable de su renuncia \u201cpor cobard\u00eda\u201d, dice la \u00ednclita Tatiana Clouthier e incluso ha sido se\u00f1alado por el propio AMLO de sostener el modelo neoliberal, como si el amlovismo representara un modelo distinto.<\/span><\/p>\n<p>&nbsp;<\/p>\n<p style=\"text-align: justify;\"><span style=\"font-family: arial, helvetica, sans-serif; font-size: 14pt;\">De nuevo la ligereza, el \u201cbote pronto\u201d y la pretensi\u00f3n de justificaci\u00f3n o autoprotecci\u00f3n ba\u00f1a al discurso del amlovismo, como si con eso los problemas encontraran soluci\u00f3n o pusiera a buen recaudo a sus opositores y antagonistas, como si fueran infalibles o tocados por alg\u00fan ser divino.<\/span><\/p>\n<p>&nbsp;<\/p>\n<p style=\"text-align: justify;\"><span style=\"font-family: arial, helvetica, sans-serif; font-size: 14pt;\">Ya a estas alturas est\u00e1 claro que el gobierno de AMLO ha resultado ligero, obcecado y arbitrario en la toma de decisiones, incluso hasta caprichoso y con poderosos rasgos de populismo.<\/span><\/p>\n<p style=\"text-align: justify;\"><span style=\"font-family: arial, helvetica, sans-serif; font-size: 14pt;\">T<\/span><\/p>\n<p style=\"text-align: justify;\"><span style=\"font-family: arial, helvetica, sans-serif; font-size: 14pt;\">odo eso es muy lamentable porque pareciera que los miles de funcionarios que integran el gobierno de la rep\u00fablica no razonan, o todos los problemas est\u00e1n resueltos y cada uno ya tiene la f\u00f3rmula m\u00e1gica.<\/span><\/p>\n<p>&nbsp;<\/p>\n<p style=\"text-align: justify;\"><span style=\"font-family: arial, helvetica, sans-serif; font-size: 14pt;\">Todo eso es una fantas\u00eda, como lo es el tinglado que ha armado en torno a las fallas que est\u00e1n aflorando en el gobierno federal, como el subejercicio financiero que est\u00e1n llevando a cabo y colocando a los estados y municipios en la inacci\u00f3n al no radicarles los recursos federales que les corresponden, como es el caso de Sinaloa y cuando 93 centavos de cada peso provienen del erario federal.<\/span><\/p>\n<p>&nbsp;<\/p>\n<p style=\"text-align: justify;\"><span style=\"font-family: arial, helvetica, sans-serif; font-size: 14pt;\">Claro que existen fallas en el gobierno federal y deben ser severamente criticadas pese a la delgada epidermis de los que ahora \u201cson libres\u201d y hasta pueden hablar de una renuncia porque \u201cel pasado fue peor\u201d, que no soportan la cr\u00edtica y aun cuando la ligereza, la improvisaci\u00f3n y el desconocimiento en decisiones cruciales como los aeropuertos, refiner\u00edas y aperturas de la frontera a la migraci\u00f3n centroamericana, o el uso de la guardia nacional despu\u00e9s del desatino, por se\u00f1alar algunos.<\/span><\/p>\n<p>&nbsp;<\/p>\n<p style=\"text-align: justify;\"><span style=\"font-family: arial, helvetica, sans-serif; font-size: 14pt;\">La cr\u00edtica del ex secretario de hacienda es normal, no tiene nada de extraordinaria y no debiera ser motivo para negar cuando son asuntos normales en el funcionamiento de cualquier instituci\u00f3n, lo malo del asunto ser\u00eda en todo caso que no mande quien encabeza la instituci\u00f3n, sino los subordinados como parece ser el fondo de todo.<\/span><\/p>\n<p>&nbsp;<\/p>\n<p style=\"text-align: justify;\"><span style=\"font-family: arial, helvetica, sans-serif; font-size: 14pt;\">Y lo peor, que el presidente de la rep\u00fablica obedezca m\u00e1s a esas decisiones que a las que asume el titular como parece ser el caso, y por el nivel al que ha escalado todo, poder ser la anticipaci\u00f3n de una crisis y hasta un resquebrajamiento del gobierno, por esa profundidad de la divisi\u00f3n del gobierno amlovista.<\/span><\/p>\n<p>&nbsp;<\/p>\n<p style=\"text-align: justify;\"><span style=\"font-family: arial, helvetica, sans-serif; font-size: 14pt;\">Muchos tienen fe de que ya todo se componga en el para\u00edso del gobierno y no se les desborde a los dioses de ese olimpo el control de da\u00f1os, porque ya ha sido tiempo suficiente y seguramente creen tener soluciones acumuladas, pero tambi\u00e9n cabe decir que los problemas han crecido y qui\u00e9n sabe cu\u00e1l resista m\u00e1s.<\/span><\/p>\n","protected":false},"excerpt":{"rendered":"<p>Ahora resulta que el ex secretario de hacienda Carlos Urz\u00faa es el culpable de su renuncia \u201cpor cobard\u00eda\u201d, dice la \u00ednclita Tatiana Clouthier e incluso ha sido se\u00f1alado por el propio AMLO de sostener el modelo neoliberal, como si el amlovismo representara un modelo distinto. &nbsp; De nuevo la ligereza, el \u201cbote pronto\u201d y la [&hellip;]<\/p>\n","protected":false},"author":5,"featured_media":172,"comment_status":"closed","ping_status":"closed","sticky":false,"template":"","format":"standard","meta":{"footnotes":""},"categories":[21],"tags":[],"ppma_author":[38],"class_list":["post-11640","post","type-post","status-publish","format-standard","has-post-thumbnail","hentry","category-jose-luis-lopez-duarte"],"aioseo_notices":[],"authors":[{"term_id":38,"user_id":5,"is_guest":0,"slug":"jose-luis-lopez-duarte","display_name":"Jos\u00e9 Luis L\u00f3pez Duarte","avatar_url":{"url":"https:\/\/visionciudadana.com.mx\/oficial\/wp-content\/uploads\/2021\/03\/columna-joseluis.png","url2x":"https:\/\/visionciudadana.com.mx\/oficial\/wp-content\/uploads\/2021\/03\/columna-joseluis.png"},"0":null,"1":"","2":"","3":"","4":"","5":"","6":"","7":"","8":""}],"_links":{"self":[{"href":"https:\/\/visionciudadana.com.mx\/oficial\/wp-json\/wp\/v2\/posts\/11640","targetHints":{"allow":["GET"]}}],"collection":[{"href":"https:\/\/visionciudadana.com.mx\/oficial\/wp-json\/wp\/v2\/posts"}],"about":[{"href":"https:\/\/visionciudadana.com.mx\/oficial\/wp-json\/wp\/v2\/types\/post"}],"author":[{"embeddable":true,"href":"https:\/\/visionciudadana.com.mx\/oficial\/wp-json\/wp\/v2\/users\/5"}],"replies":[{"embeddable":true,"href":"https:\/\/visionciudadana.com.mx\/oficial\/wp-json\/wp\/v2\/comments?post=11640"}],"version-history":[{"count":1,"href":"https:\/\/visionciudadana.com.mx\/oficial\/wp-json\/wp\/v2\/posts\/11640\/revisions"}],"predecessor-version":[{"id":22759,"href":"https:\/\/visionciudadana.com.mx\/oficial\/wp-json\/wp\/v2\/posts\/11640\/revisions\/22759"}],"wp:featuredmedia":[{"embeddable":true,"href":"https:\/\/visionciudadana.com.mx\/oficial\/wp-json\/wp\/v2\/media\/172"}],"wp:attachment":[{"href":"https:\/\/visionciudadana.com.mx\/oficial\/wp-json\/wp\/v2\/media?parent=11640"}],"wp:term":[{"taxonomy":"category","embeddable":true,"href":"https:\/\/visionciudadana.com.mx\/oficial\/wp-json\/wp\/v2\/categories?post=11640"},{"taxonomy":"post_tag","embeddable":true,"href":"https:\/\/visionciudadana.com.mx\/oficial\/wp-json\/wp\/v2\/tags?post=11640"},{"taxonomy":"author","embeddable":true,"href":"https:\/\/visionciudadana.com.mx\/oficial\/wp-json\/wp\/v2\/ppma_author?post=11640"}],"curies":[{"name":"wp","href":"https:\/\/api.w.org\/{rel}","templated":true}]}}