{"id":11605,"date":"2019-07-09T16:52:41","date_gmt":"2019-07-09T16:52:41","guid":{"rendered":"https:\/\/visionciudadana.com.mx\/prueba\/2019\/07\/09\/rocha-el-musculo-y-la-estrategia\/"},"modified":"2025-06-21T00:23:44","modified_gmt":"2025-06-21T00:23:44","slug":"rocha-el-musculo-y-la-estrategia","status":"publish","type":"post","link":"https:\/\/visionciudadana.com.mx\/oficial\/2019\/07\/09\/rocha-el-musculo-y-la-estrategia\/","title":{"rendered":"Rocha: el musculo\u2026..\u00bfy la estrategia?"},"content":{"rendered":"<p><img decoding=\"async\" style=\"margin-top: 20px; margin-right: 10px; float: left;\" src=\"images\/columnistas\/columna_jose_luis_lopez_duarte.png\" alt=\"columna jose luis lopez duarte\" \/><\/p>\n<p style=\"text-align: justify;\"><span style=\"font-size: 14pt; font-family: arial, helvetica, sans-serif;\">Para V\u00edctor Antonio Corrales Burgue\u00f1o, todo nuestro apoyo y solidaridad ahora que atraviesa la dolorosa p\u00e9rdida de su hijo, un fuerte abrazo.<\/span><\/p>\n<p style=\"text-align: justify;\"><span style=\"font-size: 14pt; font-family: arial, helvetica, sans-serif;\">Una gran manifestaci\u00f3n de fuerza fue lo que hizo MORENA con motivo del 1er informe de sus senadores, Rub\u00e9n Rocha e Imelda Castro, al recurrir a toda su plana pol\u00edtica en Sinaloa y un enorme apoyo pol\u00edtico nacional (in\u00e9dito como dijo Imelda), que apabullo al pol\u00edtico m\u00e1s pintado y reflejo las virtudes y defectos de una precandidatura a gobernador como la del prominente Rub\u00e9n Rocha Moya.<\/span><\/p>\n<p style=\"text-align: justify;\"><span style=\"font-size: 14pt; font-family: arial, helvetica, sans-serif;\">La presencia de Ricardo Monreal, el pol\u00edtico morenista m\u00e1s activo despu\u00e9s de AMLO, con todo su poder, con la amplia convocatoria de senadores que se dieron cita, fue contundente frente al gobernador Quirino Ordaz, quien, hoy por hoy, se pinta como el pol\u00edtico m\u00e1s determinante en Sinaloa y seguro de s\u00ed que ser\u00e1 quien decida el futuro de Sinaloa y su sucesi\u00f3n.<\/span><\/p>\n<p style=\"text-align: justify;\"><span style=\"font-size: 14pt; font-family: arial, helvetica, sans-serif;\">Esas son quiz\u00e1s las dos lecturas m\u00e1s sobresalientes de un evento que le hac\u00eda falta a MORENA realizarlo y asi medir fuerza con el gobernador y colocarse de lleno en la mesa del juego pol\u00edtico para el 2021, ya sin ning\u00fan pre\u00e1mbulo y abrir la batalla por el poder del gobierno de Sinaloa.<\/span><\/p>\n<p style=\"text-align: justify;\"><span style=\"font-size: 14pt; font-family: arial, helvetica, sans-serif;\">Quirino Ordaz, desde que arribo a su mandato como gobernador fue determinante y decidido a centralizar el poder como ning\u00fan otro lo hab\u00eda hecho, quiz\u00e1 desde Juan Mill\u00e1n, logrando tomar en sus manos todas las decisiones de gobierno y especialmente las definiciones del gasto y la inversi\u00f3n, basta recordar que en el 2017 opera la salida de Antonio Vega Gaxiola de la titularidad de la ASE(auditoria superior del estado) y un mes despu\u00e9s reforma la ley de obra p\u00fablica.<\/span><\/p>\n<p style=\"text-align: justify;\"><span style=\"font-size: 14pt; font-family: arial, helvetica, sans-serif;\">En 2018, se al\u00eda electoral y pol\u00edticamente con AMLO, logrando dividendos pol\u00edticos muy favorables, tanto que se convirti\u00f3 en el primer gobernador de la historia de Sinaloa que es reconocido y visitado por el presidente electo de la rep\u00fablica.<\/span><\/p>\n<p style=\"text-align: justify;\"><span style=\"font-size: 14pt; font-family: arial, helvetica, sans-serif;\">Y peor a\u00fan, fue lo que hizo despu\u00e9s del 1\u00b0 de julio del 2018, que en las postrimer\u00edas de la LXlll legislatura, con mayor\u00eda del PRI y a solo tres meses de concluir su gesti\u00f3n, al vapor y atropelladamente realizo reformas para concentrar m\u00e1s poder, en agravio de morena. Que se hab\u00eda erigido con la mayor\u00eda absoluta del congreso local.<\/span><\/p>\n<p style=\"text-align: justify;\"><span style=\"font-size: 14pt; font-family: arial, helvetica, sans-serif;\">El gobernador sinaloense no ha parada ni reparado en nada, cabalgando su gobierno sin tropiezos ni sobresaltos y quiz\u00e1 construyendo una candidatura para su relevo, mientras socava, d\u00eda tras d\u00eda, la fuerza de MORENA y construye el poder social, econ\u00f3mico y pol\u00edtico para vencer al partido del presidente ya sea someti\u00e9ndolo o derrot\u00e1ndolo, seg\u00fan sea el caso.<\/span><\/p>\n<p style=\"text-align: justify;\"><span style=\"font-size: 14pt; font-family: arial, helvetica, sans-serif;\">Hoy MORENA, despu\u00e9s del informe de los senadores, se ha sentado en la mesa del juego pol\u00edtico de la sucesi\u00f3n y eso es trascendental por que aparece ya en la competencia y se obliga a tomar \u201cel toro por los cuernos\u201d frente al gobernador y su campa\u00f1a pol\u00edtica.<\/span><\/p>\n<p style=\"text-align: justify;\"><span style=\"font-size: 14pt; font-family: arial, helvetica, sans-serif;\">MORENA no tiene reversa y est\u00e1 obligado ya a definir cu\u00e1l ser\u00e1 su pol\u00edtica para buscar ganar la gubernatura de Sinaloa el 2021. Hasta ahora y as\u00ed lo dice el informe de los senadores, el candidato de morena es Rub\u00e9n Rocha Moya y de aqu\u00ed en adelante, el ser\u00e1 el frente principal para definir la pol\u00edtica de su partido en Sinaloa lo mismo que sus movimientos como senador de la rep\u00fablica.<\/span><\/p>\n<p style=\"text-align: justify;\"><span style=\"font-size: 14pt; font-family: arial, helvetica, sans-serif;\">No ser\u00e1 nada f\u00e1cil, para empezar tendr\u00e1 la primera gran batalla al seno de morena y al mismo tiempo la reorientaci\u00f3n de los presidentes municipales de Ahome y Culiac\u00e1n, as\u00ed como la recomposici\u00f3n del congreso, pero esos son los cimientos de su lucha y representan estos los primeros pasos.<\/span><\/p>\n<p style=\"text-align: justify;\"><span style=\"font-size: 14pt; font-family: arial, helvetica, sans-serif;\">Simult\u00e1neamente se puede atacar todas las dem\u00e1s l\u00edneas de acci\u00f3n, cuesti\u00f3n que amerita mucho apoyo nacional y constituir un bloque de alianzas muy extendido<\/span>.<\/p>\n","protected":false},"excerpt":{"rendered":"<p>Para V\u00edctor Antonio Corrales Burgue\u00f1o, todo nuestro apoyo y solidaridad ahora que atraviesa la dolorosa p\u00e9rdida de su hijo, un fuerte abrazo. Una gran manifestaci\u00f3n de fuerza fue lo que hizo MORENA con motivo del 1er informe de sus senadores, Rub\u00e9n Rocha e Imelda Castro, al recurrir a toda su plana pol\u00edtica en Sinaloa y [&hellip;]<\/p>\n","protected":false},"author":5,"featured_media":54,"comment_status":"closed","ping_status":"closed","sticky":false,"template":"","format":"standard","meta":{"footnotes":""},"categories":[21],"tags":[],"ppma_author":[38],"class_list":["post-11605","post","type-post","status-publish","format-standard","has-post-thumbnail","hentry","category-jose-luis-lopez-duarte"],"aioseo_notices":[],"authors":[{"term_id":38,"user_id":5,"is_guest":0,"slug":"jose-luis-lopez-duarte","display_name":"Jos\u00e9 Luis L\u00f3pez Duarte","avatar_url":{"url":"https:\/\/visionciudadana.com.mx\/oficial\/wp-content\/uploads\/2021\/03\/columna-joseluis.png","url2x":"https:\/\/visionciudadana.com.mx\/oficial\/wp-content\/uploads\/2021\/03\/columna-joseluis.png"},"0":null,"1":"","2":"","3":"","4":"","5":"","6":"","7":"","8":""}],"_links":{"self":[{"href":"https:\/\/visionciudadana.com.mx\/oficial\/wp-json\/wp\/v2\/posts\/11605","targetHints":{"allow":["GET"]}}],"collection":[{"href":"https:\/\/visionciudadana.com.mx\/oficial\/wp-json\/wp\/v2\/posts"}],"about":[{"href":"https:\/\/visionciudadana.com.mx\/oficial\/wp-json\/wp\/v2\/types\/post"}],"author":[{"embeddable":true,"href":"https:\/\/visionciudadana.com.mx\/oficial\/wp-json\/wp\/v2\/users\/5"}],"replies":[{"embeddable":true,"href":"https:\/\/visionciudadana.com.mx\/oficial\/wp-json\/wp\/v2\/comments?post=11605"}],"version-history":[{"count":1,"href":"https:\/\/visionciudadana.com.mx\/oficial\/wp-json\/wp\/v2\/posts\/11605\/revisions"}],"predecessor-version":[{"id":22760,"href":"https:\/\/visionciudadana.com.mx\/oficial\/wp-json\/wp\/v2\/posts\/11605\/revisions\/22760"}],"wp:featuredmedia":[{"embeddable":true,"href":"https:\/\/visionciudadana.com.mx\/oficial\/wp-json\/wp\/v2\/posts\/54"}],"wp:attachment":[{"href":"https:\/\/visionciudadana.com.mx\/oficial\/wp-json\/wp\/v2\/media?parent=11605"}],"wp:term":[{"taxonomy":"category","embeddable":true,"href":"https:\/\/visionciudadana.com.mx\/oficial\/wp-json\/wp\/v2\/categories?post=11605"},{"taxonomy":"post_tag","embeddable":true,"href":"https:\/\/visionciudadana.com.mx\/oficial\/wp-json\/wp\/v2\/tags?post=11605"},{"taxonomy":"author","embeddable":true,"href":"https:\/\/visionciudadana.com.mx\/oficial\/wp-json\/wp\/v2\/ppma_author?post=11605"}],"curies":[{"name":"wp","href":"https:\/\/api.w.org\/{rel}","templated":true}]}}