{"id":11590,"date":"2019-07-04T18:07:53","date_gmt":"2019-07-04T18:07:53","guid":{"rendered":"https:\/\/visionciudadana.com.mx\/prueba\/2019\/07\/04\/rocha-en-la-mira-la-sucesion\/"},"modified":"2025-06-21T00:23:44","modified_gmt":"2025-06-21T00:23:44","slug":"rocha-en-la-mira-la-sucesion","status":"publish","type":"post","link":"https:\/\/visionciudadana.com.mx\/oficial\/2019\/07\/04\/rocha-en-la-mira-la-sucesion\/","title":{"rendered":"Rocha: en la mira\u2026..La sucesi\u00f3n"},"content":{"rendered":"<p><img decoding=\"async\" style=\"margin-top: 20px; margin-right: 10px; float: left;\" src=\"images\/columnistas\/columna-joseluis.png\" alt=\"columna joseluis\" \/><\/p>\n<p>&nbsp;<\/p>\n<p style=\"text-align: justify;\"><span style=\"font-size: 14pt; font-family: arial, helvetica, sans-serif;\">Varias personas me han comentado sobre mi afirmaci\u00f3n de que ya empez\u00f3 la lucha por la sucesi\u00f3n gubernamental y me dicen que estoy equivocado y que a esta le faltan muchos meses, por lo menos lo que resta de aqu\u00ed al 2020.<\/span><\/p>\n<p style=\"text-align: justify;\"><span style=\"font-size: 14pt; font-family: arial, helvetica, sans-serif;\">He escuchado y meditado los razonamientos que me han sido expuestos y dentro de los que m\u00e1s han coincidido destacan: \u201cfalta mucho tiempo\u201d,&nbsp; \u201cel PRI y el PAN a\u00fan no saben qu\u00e9 hacer\u201d, \u201c el gobernador tiene el control de todo \u201c \u201cMORENA est\u00e1 muy desorganizada\u201d y \u201cno se ven candidatos aun\u201d, argumentos todos v\u00e1lidos y dignos de an\u00e1lisis cada uno de ellos.<\/span><\/p>\n<p style=\"text-align: justify;\"><span style=\"font-size: 14pt; font-family: arial, helvetica, sans-serif;\">Le he dado vueltas en la cabeza a estos razonamientos y he concluido, que desde hace tiempo este proceso ya inicio y que la disputa en diversos flancos, empieza a adquirir color y calor.&nbsp;<\/span><\/p>\n<p style=\"text-align: justify;\"><span style=\"font-size: 14pt; font-family: arial, helvetica, sans-serif;\">Quien piense que falta mucho tiempo tal vez no han visto el acuerpamiento que ha tenido el grupo que encabeza Jes\u00fas Vizcarra y Jes\u00fas Aguilar en torno a MORENA y AMLO, cuando el primero, brindo su apoyo total al candidato de MORENA en Baja California el pasado 2 de junio y poco despu\u00e9s, en el seno de la UAS, manifestaba su decisi\u00f3n de no competir por la gubernatura del estado.&nbsp;&nbsp;<\/span><\/p>\n<p style=\"text-align: justify;\"><span style=\"font-size: 14pt; font-family: arial, helvetica, sans-serif;\">Otro personaje a considerar es H\u00e9ctor Melesio Cuen, quien esta lanzado en la recomposici\u00f3n del PAS en todos los municipios, resistiendo con ese trabajo la ofensiva de la que ha sido objeto con las acusaci\u00f3n de la instrumentalizaci\u00f3n pol\u00edtica de la UAS&nbsp; y la discusi\u00f3n de una nueva ley org\u00e1nica de la universidad.<\/span><\/p>\n<p style=\"text-align: justify;\"><span style=\"font-size: 14pt; font-family: arial, helvetica, sans-serif;\">Pensar que el PRI y el PAN no atinan a nada, cuando est\u00e1n a punto de definir sus direcciones nacionales y estatales respectivamente, que por cierto, en el caso del PRI es importante no perder de vista el intenso activismo del gobernador y su esposa que no paran, as\u00ed como la reorganizaci\u00f3n de la estructura interna, es no querer ver la realidad.&nbsp;<\/span><\/p>\n<p style=\"text-align: justify;\"><span style=\"font-size: 14pt; font-family: arial, helvetica, sans-serif;\">Tendr\u00edamos que tomar en cuenta tambi\u00e9n&nbsp; la nueva organizaci\u00f3n pol\u00edtica&nbsp; \u201credes sociales progresistas \u201cencabezada por Gerardo Vargas y que cuenta con el apoyo total del SNTE y la maestra Elba Esther Gordillo.<\/span><\/p>\n<p style=\"text-align: justify;\"><span style=\"font-size: 14pt; font-family: arial, helvetica, sans-serif;\">En medio de todo este panorama lo que me parece m\u00e1s incierto es la idea&nbsp; de que el gobernador&nbsp; controla todo el escenario pol\u00edtico, como diciendo que \u00e9l define todo y que tiene en sus manos toda la sucesi\u00f3n, esta idea parte de ver c\u00f3mo crece su alianza con AMLO y que las fuerzas pol\u00edticas parecen totalmente pasivas y desorganizadas, cuesti\u00f3n que suena valedera pero hay otros signos.<\/span><\/p>\n<p style=\"text-align: justify;\"><span style=\"font-size: 14pt; font-family: arial, helvetica, sans-serif;\">Sobre quienes opinan que MORENA est\u00e1 en declive por sus crisis internas y su desorganizaci\u00f3n pol\u00edtica, siendo real estos dos se\u00f1alamientos, es sin duda la fuerza que m\u00e1s se mueve, la que m\u00e1s se enfrenta al gobernador y a la que el ejecutivo del estado m\u00e1s combate, tanto que la divide en el congreso del estado y pretende arrebatarle algunas de&nbsp; las presidencias municipales que dirige MORENA.&nbsp;<\/span><\/p>\n<p style=\"text-align: justify;\"><span style=\"font-size: 14pt; font-family: arial, helvetica, sans-serif;\">Lo peor se da cuando MORENA decide en el congreso del estado subir al pleno a discusi\u00f3n el tema de los matrimonios igualitarios, desatando una gran ofensiva que hasta la fecha no se hab\u00eda visto tanto contra el partido de AMLO, as\u00ed como a sus l\u00edderes principales en Sinaloa, el senador Rub\u00e9n Rocha, Feliciano Castro y Graciela Dom\u00ednguez nava.<\/span><\/p>\n<p style=\"text-align: justify;\"><span style=\"font-size: 14pt; font-family: arial, helvetica, sans-serif;\">Ese suceso de los matrimonios igualitarios provoco el acuerpamiento de m\u00faltiples fuerzas empresariales, medios de comunicaci\u00f3n, iglesias y poderes pol\u00edticos que derivo de inmediato en una guerra frontal contra Rub\u00e9n Rocha, tan descarnada y c\u00ednica la campa\u00f1a que han pretendido desacreditar a como d\u00e9 lugar la personalidad y si pudieran borrar la investidura.&nbsp;<\/span><\/p>\n<p style=\"text-align: justify;\"><span style=\"font-size: 14pt; font-family: arial, helvetica, sans-serif;\">En s\u00edntesis, la lucha por la sucesi\u00f3n del gobernador va, est\u00e1 en curso y son varios los protagonistas que ya se inscriben en esa l\u00f3gica y de todos los partidos. Tanto que ya est\u00e1n en el ring uno de los principales actores y al que tratan de convertir en el \u201cnegro de la feria\u201d, Rub\u00e9n rocha, as\u00ed como tambi\u00e9n el ex rector H\u00e9ctor Melesio Cuen, a quien buscan a como de lugar arrinconarlo en la UAS, as\u00ed tambi\u00e9n los distinguidos militantes del tricolor el senador Mario Zamora Gastelum, Aar\u00f3n Rivas y Sergio torres, lo mismo que Gerardo Vargas Landeros con su organizaci\u00f3n \u201credes sociales progresistas\u201d principalmente<\/span><\/p>\n","protected":false},"excerpt":{"rendered":"<p>&nbsp; Varias personas me han comentado sobre mi afirmaci\u00f3n de que ya empez\u00f3 la lucha por la sucesi\u00f3n gubernamental y me dicen que estoy equivocado y que a esta le faltan muchos meses, por lo menos lo que resta de aqu\u00ed al 2020. He escuchado y meditado los razonamientos que me han sido expuestos y [&hellip;]<\/p>\n","protected":false},"author":5,"featured_media":172,"comment_status":"closed","ping_status":"closed","sticky":false,"template":"","format":"standard","meta":{"footnotes":""},"categories":[21],"tags":[],"ppma_author":[38],"class_list":["post-11590","post","type-post","status-publish","format-standard","has-post-thumbnail","hentry","category-jose-luis-lopez-duarte"],"aioseo_notices":[],"authors":[{"term_id":38,"user_id":5,"is_guest":0,"slug":"jose-luis-lopez-duarte","display_name":"Jos\u00e9 Luis L\u00f3pez Duarte","avatar_url":{"url":"https:\/\/visionciudadana.com.mx\/oficial\/wp-content\/uploads\/2021\/03\/columna-joseluis.png","url2x":"https:\/\/visionciudadana.com.mx\/oficial\/wp-content\/uploads\/2021\/03\/columna-joseluis.png"},"0":null,"1":"","2":"","3":"","4":"","5":"","6":"","7":"","8":""}],"_links":{"self":[{"href":"https:\/\/visionciudadana.com.mx\/oficial\/wp-json\/wp\/v2\/posts\/11590","targetHints":{"allow":["GET"]}}],"collection":[{"href":"https:\/\/visionciudadana.com.mx\/oficial\/wp-json\/wp\/v2\/posts"}],"about":[{"href":"https:\/\/visionciudadana.com.mx\/oficial\/wp-json\/wp\/v2\/types\/post"}],"author":[{"embeddable":true,"href":"https:\/\/visionciudadana.com.mx\/oficial\/wp-json\/wp\/v2\/users\/5"}],"replies":[{"embeddable":true,"href":"https:\/\/visionciudadana.com.mx\/oficial\/wp-json\/wp\/v2\/comments?post=11590"}],"version-history":[{"count":1,"href":"https:\/\/visionciudadana.com.mx\/oficial\/wp-json\/wp\/v2\/posts\/11590\/revisions"}],"predecessor-version":[{"id":22761,"href":"https:\/\/visionciudadana.com.mx\/oficial\/wp-json\/wp\/v2\/posts\/11590\/revisions\/22761"}],"wp:featuredmedia":[{"embeddable":true,"href":"https:\/\/visionciudadana.com.mx\/oficial\/wp-json\/wp\/v2\/media\/172"}],"wp:attachment":[{"href":"https:\/\/visionciudadana.com.mx\/oficial\/wp-json\/wp\/v2\/media?parent=11590"}],"wp:term":[{"taxonomy":"category","embeddable":true,"href":"https:\/\/visionciudadana.com.mx\/oficial\/wp-json\/wp\/v2\/categories?post=11590"},{"taxonomy":"post_tag","embeddable":true,"href":"https:\/\/visionciudadana.com.mx\/oficial\/wp-json\/wp\/v2\/tags?post=11590"},{"taxonomy":"author","embeddable":true,"href":"https:\/\/visionciudadana.com.mx\/oficial\/wp-json\/wp\/v2\/ppma_author?post=11590"}],"curies":[{"name":"wp","href":"https:\/\/api.w.org\/{rel}","templated":true}]}}