{"id":11563,"date":"2019-07-02T20:48:38","date_gmt":"2019-07-02T20:48:38","guid":{"rendered":"https:\/\/visionciudadana.com.mx\/prueba\/2019\/07\/02\/pan-su-relevo-la-decision\/"},"modified":"2025-06-21T00:23:44","modified_gmt":"2025-06-21T00:23:44","slug":"pan-su-relevo-la-decision","status":"publish","type":"post","link":"https:\/\/visionciudadana.com.mx\/oficial\/2019\/07\/02\/pan-su-relevo-la-decision\/","title":{"rendered":"PAN: su relevo\u2026\u2026.  La decisi\u00f3n"},"content":{"rendered":"<p><img decoding=\"async\" style=\"margin-top: 20px; margin-right: 10px; float: left;\" src=\"images\/columnistas\/columna-joseluis.png\" alt=\"columna joseluis\" \/><\/p>\n<p style=\"text-align: justify;\"><span style=\"font-size: 14pt; font-family: arial, helvetica, sans-serif;\">Muy pronto, en la pr\u00f3xima elecci\u00f3n de presidente estatal del PAN en Sinaloa, quedar\u00e1 zanjada una de las disputas m\u00e1s duras que ha vivido ese partido en los \u00faltimos tiempos. Se trata del relevo generacional hist\u00f3rico y la mutaci\u00f3n ideol\u00f3gica del conservadurismo religioso al nuevo liberalismo, debate que vive tambi\u00e9n el panismo nacional que a\u00fan no concluye.<\/span><\/p>\n<p>&nbsp;<\/p>\n<p style=\"text-align: justify;\"><span style=\"font-size: 14pt; font-family: arial, helvetica, sans-serif;\">Ya son m\u00e1s de diez&nbsp; a\u00f1os desde que Adolfo Rojo Montoya encabeza una camada de nuevos j\u00f3venes panistas, que ni son los cl\u00e1sicos \u201cpersignados\u201d que vienen de las corrientes religiosas, ni tampoco los reformadores culturales de ese partido, el cual se encuentra en busca de identidad desde hace casi dos d\u00e9cada, cuando gan\u00f3 la presidencia de la rep\u00fablica.<\/span><\/p>\n<p>&nbsp;<\/p>\n<p style=\"text-align: justify;\"><span style=\"font-size: 14pt; font-family: arial, helvetica, sans-serif;\">Hay quienes dicen que el PAN naci\u00f3 para ser oposici\u00f3n al gobierno, tanto es as\u00ed que tuvo su primer candidato presidencial hasta 1958, cuando don Luis H. \u00c1lvarez disput\u00f3 la presidencia del pa\u00eds&nbsp; a Adolfo L\u00f3pez Mateos, casi 20 a\u00f1os despu\u00e9s de sus fundaci\u00f3n, como una clara muestra de hab\u00eda decidido una batalla cultural contra el cardenismo que predomin\u00f3 en aquella \u00e9poca.&nbsp;<\/span><\/p>\n<p>&nbsp;<\/p>\n<p style=\"text-align: justify;\"><span style=\"font-size: 14pt; font-family: arial, helvetica, sans-serif;\">En Sinaloa, tradicionalmente existi\u00f3 una corriente ideol\u00f3gica muy poderosa que dirigi\u00f3, en todas los sentidos, al PAN hasta 1995 cuando Sadol Osorio, el Dr. L\u00f3pez Brito, Humberto Rice, Marco Antonio Almaral y otros ganan la elecci\u00f3n en casi todo Sinaloa, surgen muchos nuevos l\u00edderes que ya no permitieron a aquella corriente cuasi religiosa volviera al control del PAN.&nbsp;<\/span><\/p>\n<p>&nbsp;<\/p>\n<p style=\"text-align: justify;\"><span style=\"font-size: 14pt; font-family: arial, helvetica, sans-serif;\">Dicho fen\u00f3meno se vuelve a presentar con Heriberto F\u00e9lix Guerra, que aunque se frustr\u00f3 la gubernatura el 2004, dej\u00f3 una clase panista que desde entonces lidera Adolfo Rojo, como cabeza m\u00e1s visible, y a quien han impedido, usando todos los medios posibles, que llegue a la dirigencia del PAN en Sinaloa pese a ser la fuerza m\u00e1s representativa del panismo.<\/span><\/p>\n<p>&nbsp;<\/p>\n<p style=\"text-align: justify;\"><span style=\"font-size: 14pt; font-family: arial, helvetica, sans-serif;\">Uno de los factores que ha decidido m\u00e1s en los \u00faltimos tiempos para bloquear a Rojo Montoya en Sinaloa, han sido dirigentes y l\u00edderes municipales los que han maniobrado para bloquearlo como reflejo de los restos de fuerzas que aun poseen&nbsp; esos grupos tradicionales del PAN hist\u00f3rico de Sinaloa que patrimonializaron al partido, y que prefirieron conservarlo como trinchera m\u00e1s que como instrumento de cambio y que ahora sobrevive lastimando al PAN y no d\u00e1ndole sus \u00faltimos esfuerzos pol\u00edticos para que se consolide una nueva \u00e9poca dentro del panismo sinaloense.&nbsp;<\/span><\/p>\n<p>&nbsp;<\/p>\n<p style=\"text-align: justify;\"><span style=\"font-size: 14pt; font-family: arial, helvetica, sans-serif;\">Van a competir por la dirigencia del PAN en Sinaloa Adolfo rojo Montoya y un joven panista de la pl\u00e9yade que se incorpor\u00f3 en la lucha del 2004 que encabezo Heriberto F\u00e9lix guerra, Juan Carlos Estrada de Choix, quien seguramente volver\u00e1 a perder en este su segundo intento y que tendr\u00e1 que estar al&nbsp; pendiente, tanto y sobre todo&nbsp; el \u201cpopo\u201d Rojo como para todo el panismo sinaloense: \u00bfQu\u00e9 PAN van a construir en Sinaloa de aqu\u00ed al 2021?<\/span><\/p>\n<p>&nbsp;<\/p>\n<p style=\"text-align: justify;\"><span style=\"font-size: 14pt; font-family: arial, helvetica, sans-serif;\">Eso no est\u00e1 en la discusi\u00f3n entre Juan Carlos y Adolfo Rojo, ellos se disputan la dirigencia estatal, pero los dos tienen una enorme debilidad, no se plantean en la discusi\u00f3n las siguientes cuestiones: \u00bfQu\u00e9 har\u00e1n de aqu\u00ed al 2021? \u00bfQui\u00e9n ser\u00e1 su candidato a gobernador? \u00bfQu\u00e9 tipo de campa\u00f1a se proponen? \u00bfVan a ir solos o en coalici\u00f3n? \u00bfSe inscribir\u00e1n en la tendencia del 2 de junio de ser la oposici\u00f3n a AMLO? \u00bfa quienes proponen para ser candidatos a gobernador?<\/span><\/p>\n<p>&nbsp;<\/p>\n<p style=\"text-align: justify;\"><span style=\"font-size: 14pt; font-family: arial, helvetica, sans-serif;\">En fin, hay tanto que preguntar y conocer de esa fuerza pol\u00edtica sinaloense tan importante que para cuando se decida qui\u00e9n es su presidente estatal, ojal\u00e1 ya tengan algo claro.<\/span><\/p>\n","protected":false},"excerpt":{"rendered":"<p>Muy pronto, en la pr\u00f3xima elecci\u00f3n de presidente estatal del PAN en Sinaloa, quedar\u00e1 zanjada una de las disputas m\u00e1s duras que ha vivido ese partido en los \u00faltimos tiempos. Se trata del relevo generacional hist\u00f3rico y la mutaci\u00f3n ideol\u00f3gica del conservadurismo religioso al nuevo liberalismo, debate que vive tambi\u00e9n el panismo nacional que a\u00fan [&hellip;]<\/p>\n","protected":false},"author":5,"featured_media":172,"comment_status":"closed","ping_status":"closed","sticky":false,"template":"","format":"standard","meta":{"footnotes":""},"categories":[21],"tags":[],"ppma_author":[38],"class_list":["post-11563","post","type-post","status-publish","format-standard","has-post-thumbnail","hentry","category-jose-luis-lopez-duarte"],"aioseo_notices":[],"authors":[{"term_id":38,"user_id":5,"is_guest":0,"slug":"jose-luis-lopez-duarte","display_name":"Jos\u00e9 Luis L\u00f3pez Duarte","avatar_url":{"url":"https:\/\/visionciudadana.com.mx\/oficial\/wp-content\/uploads\/2021\/03\/columna-joseluis.png","url2x":"https:\/\/visionciudadana.com.mx\/oficial\/wp-content\/uploads\/2021\/03\/columna-joseluis.png"},"0":null,"1":"","2":"","3":"","4":"","5":"","6":"","7":"","8":""}],"_links":{"self":[{"href":"https:\/\/visionciudadana.com.mx\/oficial\/wp-json\/wp\/v2\/posts\/11563","targetHints":{"allow":["GET"]}}],"collection":[{"href":"https:\/\/visionciudadana.com.mx\/oficial\/wp-json\/wp\/v2\/posts"}],"about":[{"href":"https:\/\/visionciudadana.com.mx\/oficial\/wp-json\/wp\/v2\/types\/post"}],"author":[{"embeddable":true,"href":"https:\/\/visionciudadana.com.mx\/oficial\/wp-json\/wp\/v2\/users\/5"}],"replies":[{"embeddable":true,"href":"https:\/\/visionciudadana.com.mx\/oficial\/wp-json\/wp\/v2\/comments?post=11563"}],"version-history":[{"count":1,"href":"https:\/\/visionciudadana.com.mx\/oficial\/wp-json\/wp\/v2\/posts\/11563\/revisions"}],"predecessor-version":[{"id":22762,"href":"https:\/\/visionciudadana.com.mx\/oficial\/wp-json\/wp\/v2\/posts\/11563\/revisions\/22762"}],"wp:featuredmedia":[{"embeddable":true,"href":"https:\/\/visionciudadana.com.mx\/oficial\/wp-json\/wp\/v2\/media\/172"}],"wp:attachment":[{"href":"https:\/\/visionciudadana.com.mx\/oficial\/wp-json\/wp\/v2\/media?parent=11563"}],"wp:term":[{"taxonomy":"category","embeddable":true,"href":"https:\/\/visionciudadana.com.mx\/oficial\/wp-json\/wp\/v2\/categories?post=11563"},{"taxonomy":"post_tag","embeddable":true,"href":"https:\/\/visionciudadana.com.mx\/oficial\/wp-json\/wp\/v2\/tags?post=11563"},{"taxonomy":"author","embeddable":true,"href":"https:\/\/visionciudadana.com.mx\/oficial\/wp-json\/wp\/v2\/ppma_author?post=11563"}],"curies":[{"name":"wp","href":"https:\/\/api.w.org\/{rel}","templated":true}]}}