{"id":11560,"date":"2019-07-01T20:34:43","date_gmt":"2019-07-01T20:34:43","guid":{"rendered":"https:\/\/visionciudadana.com.mx\/prueba\/2019\/07\/01\/amlo-un-ano-despues-la-realidad\/"},"modified":"2025-06-21T00:23:44","modified_gmt":"2025-06-21T00:23:44","slug":"amlo-un-ano-despues-la-realidad","status":"publish","type":"post","link":"https:\/\/visionciudadana.com.mx\/oficial\/2019\/07\/01\/amlo-un-ano-despues-la-realidad\/","title":{"rendered":"AMLO: un a\u00f1o despu\u00e9s\u2026\u2026 La realidad."},"content":{"rendered":"<p><img decoding=\"async\" style=\"margin-top: 20px; margin-right: 10px; float: left;\" src=\"images\/columnistas\/columna_jose_luis_lopez_duarte.png\" alt=\"columna jose luis lopez duarte\" \/><\/p>\n<p>&nbsp;<\/p>\n<p style=\"text-align: justify;\"><span style=\"font-size: 14pt; font-family: arial, helvetica, sans-serif;\">Hoy el pa\u00eds, todo, discute lo bueno, lo malo, lo feo y lo que puede venir del gobierno de AMLO que fue electo el 1\u00b0 de julio del 2018 y en ese balance que todos tendremos en cada una de nuestras mentes, las preguntas que revolotean ser\u00e1n \u00bfcambio el pa\u00eds?, \u00bfqu\u00e9 tanto?, \u00bfpara bien?, y seguramente las conclusiones ser\u00e1n incipientes.<\/span><\/p>\n<p>&nbsp;<\/p>\n<p style=\"text-align: justify;\"><span style=\"font-size: 14pt; font-family: arial, helvetica, sans-serif;\">\u00bfPor qu\u00e9? , por una raz\u00f3n elemental, porque el cambio de gobierno que se dio en esta elecci\u00f3n, es un cambio que viene de muy lejos en un proceso de maduraci\u00f3n y&nbsp; que en el camino perdi\u00f3 muchos matices viejos y adquiri\u00f3 m\u00e1s intereses, al extremo que este movimiento llega a las posiciones de gobierno sin un programa claro, definido y categ\u00f3rico de su identidad y por lo tanto carente de una estrategia de transformaciones que signifiquen los pelda\u00f1os hacia sus objetivos y lo que deja entrever&nbsp; que no tienen una concepci\u00f3n de nuevo r\u00e9gimen de tal forma que el estilo, los m\u00e9todos y las formas de ser gobierno&nbsp; no sean una reedici\u00f3n de otros reg\u00edmenes.&nbsp;<\/span><\/p>\n<p>&nbsp;<\/p>\n<p style=\"text-align: justify;\"><span style=\"font-size: 14pt; font-family: arial, helvetica, sans-serif;\">Hay muchos signos en su desempe\u00f1o que reflejan estas caracter\u00edsticas. Por ejemplo , en el equipaje hist\u00f3rico de este movimiento popular antipriista que se incubo paulatinamente desde los a\u00f1os sesentas y han quedado atr\u00e1s muchas demandas que han perdido terreno, tales como la desigualdad que implican la enorme concentraci\u00f3n de riqueza o la perdida de nacionalismo que ha reducido nuestra soberan\u00eda, como lo es pensar en la coexistencia con la naci\u00f3n m\u00e1s poderosa del mundo, en un contexto de colaboraci\u00f3n que siempre ser\u00e1 inexistente por su voracidad existencial (\u201camerica para los americanos\u201d gobierno americano dixit), y en tercer lugar en reducir la democracia a un mero \u201cclich\u00e9\u201d electoral y perder de vista que este es un sistema de vida para la sociedad y que deber\u00eda estar en cada espacio del tejido social.<\/span><\/p>\n<p>&nbsp;<\/p>\n<p style=\"text-align: justify;\"><span style=\"font-size: 14pt; font-family: arial, helvetica, sans-serif;\">Son m\u00faltiples las partes de un proyecto de naci\u00f3n que han ido quedando en el camino, que a la hora de armar el programa de naci\u00f3n est\u00e1n ausentes, olvidadas e incluso, abiertamente rechazadas.<\/span><\/p>\n<p>&nbsp;<\/p>\n<p style=\"text-align: justify;\"><span style=\"font-size: 14pt; font-family: arial, helvetica, sans-serif;\">Otro \u00e1ngulo, adem\u00e1s de las preguntas es la forma de concretar por parte de este movimiento hist\u00f3rico, el bagaje de ideas que han elaborado, reflejando desorden, inmediatez, reduccionismo y limitaciones autoimpuestas quiz\u00e1s por esa falta de organizaci\u00f3n, liderazgos pol\u00edticos y visi\u00f3n pol\u00edtica, lo que no les permite asumir&nbsp; que necesitan una gran organizaci\u00f3n pol\u00edtica forjada en el conocimiento, la disciplina y la claridad de los objetivos.<\/span><\/p>\n<p>&nbsp;<\/p>\n<p style=\"text-align: justify;\"><span style=\"font-size: 14pt; font-family: arial, helvetica, sans-serif;\">Al nuevo gobierno de AMLO le ha faltado un partido pol\u00edtico fuerte, consolidado y capaz de resistir la carga en contra del gobierno, en lugar de dejar todo a una sola figura como el presidente de la rep\u00fablica, falla evidente del movimiento que puede provocar graves desatinos y fracasos, que m\u00e1s tarde sean parte de una crisis y lo peor que se convierta en su obst\u00e1culo principal.<\/span><\/p>\n<p>&nbsp;<\/p>\n<p style=\"text-align: justify;\"><span style=\"font-size: 14pt; font-family: arial, helvetica, sans-serif;\">Si, se necesita con urgencia un partido de MORENA fuerte o un frente pol\u00edtico nacional renovado que recomponga en la medida de lo posible las ausencias y limitaciones, as\u00ed como las fallas del movimiento nacional y el gobierno de la rep\u00fablica.&nbsp;<\/span><\/p>\n<p>&nbsp;<\/p>\n<p style=\"text-align: justify;\"><span style=\"font-size: 14pt; font-family: arial, helvetica, sans-serif;\">No es posible un cambio de la naturaleza que este movimiento entra\u00f1a si no existe un amplio debate nacional que involucre a todos, que implique una especia de nuevo constituyente como ocurri\u00f3 en 1917, cuando todos los congresos estatales fueron convocados a esa discusi\u00f3n y sus delegaciones llevaron posiciones sobre los temas de la nueva rep\u00fablica que se estaba fraguando y que se concretar\u00eda casi 20&nbsp; a\u00f1os despu\u00e9s en el gobierno de L\u00e1zaro C\u00e1rdenas.<\/span><\/p>\n<p>&nbsp;<\/p>\n<p style=\"text-align: justify;\"><span style=\"font-size: 14pt; font-family: arial, helvetica, sans-serif;\">La naturaleza de aquel movimiento fue de tanta trascendencia como lo puede ser ahora tambi\u00e9n el que ha encabezado AMLO, pero requiere hacer lo que hicieron entonces los grupos en guerra y todos los representaciones pol\u00edticas del pa\u00eds, entender la necesidad de un gran acuerdo nacional resumido en un programa que se plasme en una nueva constituci\u00f3n.<\/span><\/p>\n<p>&nbsp;<\/p>\n<p style=\"text-align: justify;\"><span style=\"font-size: 14pt; font-family: arial, helvetica, sans-serif;\">No es posible continuar abordando temas cruciales para el pa\u00eds, incluso algunos \u201ca mano alzada\u201d, como se ha hecho, sin hacer un alto en el camino y redimensionar sobre todo redireccionar las acciones con objetivos definidos.&nbsp;<\/span><\/p>\n<p>&nbsp;<\/p>\n<p style=\"text-align: justify;\"><span style=\"font-size: 14pt; font-family: arial, helvetica, sans-serif;\">Pensar que la republica ser\u00e1 otra m\u00e1s justa, democr\u00e1tica e independiente por el simple deseo o voluntad es empeorar la situaci\u00f3n y quiz\u00e1 abatir el movimiento del cambio.<\/span><\/p>\n","protected":false},"excerpt":{"rendered":"<p>&nbsp; Hoy el pa\u00eds, todo, discute lo bueno, lo malo, lo feo y lo que puede venir del gobierno de AMLO que fue electo el 1\u00b0 de julio del 2018 y en ese balance que todos tendremos en cada una de nuestras mentes, las preguntas que revolotean ser\u00e1n \u00bfcambio el pa\u00eds?, \u00bfqu\u00e9 tanto?, \u00bfpara bien?, [&hellip;]<\/p>\n","protected":false},"author":5,"featured_media":54,"comment_status":"closed","ping_status":"closed","sticky":false,"template":"","format":"standard","meta":{"footnotes":""},"categories":[21],"tags":[],"ppma_author":[38],"class_list":["post-11560","post","type-post","status-publish","format-standard","has-post-thumbnail","hentry","category-jose-luis-lopez-duarte"],"aioseo_notices":[],"authors":[{"term_id":38,"user_id":5,"is_guest":0,"slug":"jose-luis-lopez-duarte","display_name":"Jos\u00e9 Luis L\u00f3pez Duarte","avatar_url":{"url":"https:\/\/visionciudadana.com.mx\/oficial\/wp-content\/uploads\/2021\/03\/columna-joseluis.png","url2x":"https:\/\/visionciudadana.com.mx\/oficial\/wp-content\/uploads\/2021\/03\/columna-joseluis.png"},"0":null,"1":"","2":"","3":"","4":"","5":"","6":"","7":"","8":""}],"_links":{"self":[{"href":"https:\/\/visionciudadana.com.mx\/oficial\/wp-json\/wp\/v2\/posts\/11560","targetHints":{"allow":["GET"]}}],"collection":[{"href":"https:\/\/visionciudadana.com.mx\/oficial\/wp-json\/wp\/v2\/posts"}],"about":[{"href":"https:\/\/visionciudadana.com.mx\/oficial\/wp-json\/wp\/v2\/types\/post"}],"author":[{"embeddable":true,"href":"https:\/\/visionciudadana.com.mx\/oficial\/wp-json\/wp\/v2\/users\/5"}],"replies":[{"embeddable":true,"href":"https:\/\/visionciudadana.com.mx\/oficial\/wp-json\/wp\/v2\/comments?post=11560"}],"version-history":[{"count":1,"href":"https:\/\/visionciudadana.com.mx\/oficial\/wp-json\/wp\/v2\/posts\/11560\/revisions"}],"predecessor-version":[{"id":22763,"href":"https:\/\/visionciudadana.com.mx\/oficial\/wp-json\/wp\/v2\/posts\/11560\/revisions\/22763"}],"wp:featuredmedia":[{"embeddable":true,"href":"https:\/\/visionciudadana.com.mx\/oficial\/wp-json\/wp\/v2\/posts\/54"}],"wp:attachment":[{"href":"https:\/\/visionciudadana.com.mx\/oficial\/wp-json\/wp\/v2\/media?parent=11560"}],"wp:term":[{"taxonomy":"category","embeddable":true,"href":"https:\/\/visionciudadana.com.mx\/oficial\/wp-json\/wp\/v2\/categories?post=11560"},{"taxonomy":"post_tag","embeddable":true,"href":"https:\/\/visionciudadana.com.mx\/oficial\/wp-json\/wp\/v2\/tags?post=11560"},{"taxonomy":"author","embeddable":true,"href":"https:\/\/visionciudadana.com.mx\/oficial\/wp-json\/wp\/v2\/ppma_author?post=11560"}],"curies":[{"name":"wp","href":"https:\/\/api.w.org\/{rel}","templated":true}]}}