{"id":11374,"date":"2019-05-28T15:06:05","date_gmt":"2019-05-28T15:06:05","guid":{"rendered":"https:\/\/visionciudadana.com.mx\/prueba\/2019\/05\/28\/amlo-y-el-fisco-un-acierto\/"},"modified":"2025-06-21T00:23:44","modified_gmt":"2025-06-21T00:23:44","slug":"amlo-y-el-fisco-un-acierto","status":"publish","type":"post","link":"https:\/\/visionciudadana.com.mx\/oficial\/2019\/05\/28\/amlo-y-el-fisco-un-acierto\/","title":{"rendered":"AMLO y el fisco\u2026.Un acierto"},"content":{"rendered":"<p><img decoding=\"async\" style=\"margin-top: 20px; margin-right: 10px; float: left;\" src=\"images\/columnistas\/columna-joseluis.png\" alt=\"columna joseluis\" \/><\/p>\n<p>&nbsp;<\/p>\n<p style=\"text-align: justify;\"><span style=\"font-family: arial, helvetica, sans-serif; font-size: 14pt;\">A todos ustedes, amigos lectores, un abrazo por su paciencia y solidaridad ante mi ausencia.<\/span><\/p>\n<p>&nbsp;<\/p>\n<p style=\"text-align: justify;\"><span style=\"font-family: arial, helvetica, sans-serif; font-size: 14pt;\">Muy sonada y tr\u00e1gica result\u00f3 la operaci\u00f3n contra el huachicoleo para abatirle en un mes casi en un 90%, operaci\u00f3n que result\u00f3 medi\u00e1tica, dram\u00e1tica y se convirti\u00f3 en insignia de la lucha contra la corrupci\u00f3n por el gobierno de AMLO, que algo est\u00e1 pasando con el decreto presidencial que emiti\u00f3 el pasado 20 de mayo, con el que nulifica todos los acuerdos y disposiciones que exoneraban impuestos a decenas de empresarios desde 2014 con un monto superior a los 400 mil millones de pesos anuales, cuando pr\u00e1cticamente no se dice nada de \u00e9l.<\/span><\/p>\n<p>&nbsp;<\/p>\n<p style=\"text-align: justify;\"><span style=\"font-family: arial, helvetica, sans-serif; font-size: 14pt;\">Sin duda, este ha venido a ser el golpe m\u00e1s letal contra la corrupci\u00f3n de parte de AMLO, que resulta inexplicable que en una semana los ecos de la noticia se hayan apagado y pr\u00e1cticamente hoy nadie habla de ese suceso tan trascendental.<\/span><\/p>\n<p>&nbsp;<\/p>\n<p style=\"text-align: justify;\"><span style=\"font-family: arial, helvetica, sans-serif; font-size: 14pt;\">Es conocido y reconocido en M\u00e9xico y en el mundo de que M\u00e9xico tiene uno de los sistemas fiscales con peor recaudaci\u00f3n, cuyo volumen alcanza apenas el diez y once por ciento, siendo este problema el principal para las finanzas p\u00fablicas, mucho, pero mucho m\u00e1s all\u00e1 que las desviaciones del gasto p\u00fablico con los excesivos gastos, la corrupci\u00f3n y la ineficiencia de la inversi\u00f3n p\u00fablica, que significa mucho, pero no tanto como lo es que no pagaran impuestos.<\/span><\/p>\n<p>&nbsp;<\/p>\n<p style=\"text-align: justify;\"><span style=\"font-family: arial, helvetica, sans-serif; font-size: 14pt;\">El golpe dado por AMLO con ese decreto sin duda ha sido descomunal, que resulta harto sospechoso el silencio y las nulas repercusiones medi\u00e1ticas y pol\u00edticas despu\u00e9s del decreto.<\/span><\/p>\n<p>&nbsp;<\/p>\n<p style=\"text-align: justify;\"><span style=\"font-family: arial, helvetica, sans-serif; font-size: 14pt;\">El caso del huachicoleo es ocho veces m\u00e1s peque\u00f1o que esta disposici\u00f3n gubernamental de no cobrar impuestos a los grandes corporativos empresariales que se se\u00f1alaron, donde est\u00e1n la mayor\u00eda de los hombres m\u00e1s ricos del pa\u00eds y casi todos los grupos empresariales en que se organizan.<\/span><\/p>\n<p>&nbsp;<\/p>\n<p style=\"text-align: justify;\"><span style=\"font-family: arial, helvetica, sans-serif; font-size: 14pt;\">Tan solo CEMEX alcanz\u00f3 la friolera de casi 40 mil millones de pesos en impuestos no pagados al fisco mexicano, es decir, casi el 70% de todo el huachicoleo de un a\u00f1o y no existen ni dos p\u00e1ginas al respecto en los medios del pa\u00eds, mientras que otros temas menores, frivolidades y estupideces pol\u00edticas, son magnificados con enormes esc\u00e1ndalos que casi siempre parecen \u201ccortinas de humo\u201d.<\/span><\/p>\n<p>&nbsp;<\/p>\n<p style=\"text-align: justify;\"><span style=\"font-family: arial, helvetica, sans-serif; font-size: 14pt;\">Los m\u00e1s de 400 mil millones de pesos de impuestos que dejaron de pagar poco m\u00e1s de 40 grandes empresas mexicanas, significando el 80% de los 500 mil millones de pesos que el gobierno de AMLO recuperar\u00edan por la corrupci\u00f3n y no se dice nada.<\/span><\/p>\n<p>&nbsp;<\/p>\n<p style=\"text-align: justify;\"><span style=\"font-family: arial, helvetica, sans-serif; font-size: 14pt;\">Ni propios, ni extra\u00f1os, y sobre todo los enemigos de estos empresarios, tampoco han dicho nada y el gobierno call\u00f3 de la noche a la ma\u00f1ana. Las preguntas son \u00bfPor qu\u00e9? \u00bfQu\u00e9 ocurri\u00f3?<\/span><\/p>\n<p>&nbsp;<\/p>\n<p style=\"text-align: justify;\"><span style=\"font-family: arial, helvetica, sans-serif; font-size: 14pt;\">Pues nadie olvida cuando el 2014, cuando se impuso el impuesto a la comida \u201cchatarra\u201d de BARCEL, SABRITAS y FEMSA, hubo una guerra de semanas y meses, por un impuesto para combatir los efectos de la obesidad infantil, d\u00e1ndose entonces hasta conferencias por todo \u201cdesatino\u201d de Pe\u00f1a Nieto entonces.<\/span><\/p>\n<p>&nbsp;<\/p>\n<p style=\"text-align: justify;\"><span style=\"font-family: arial, helvetica, sans-serif; font-size: 14pt;\">Y para finalizar, es de todos conocido que el tema tab\u00fa de todos los empresarios son los impuestos y era para que hoy hubiera una revoluci\u00f3n contra AMLO y no existe ya ni una palabra, cabe insistir \u00bfQu\u00e9 ha pasado? \u00bfD\u00f3nde est\u00e1 la controversia? \u00bfQui\u00e9n la par\u00f3? \u00bfC\u00f3mo acordaron? \u00bfDe qu\u00e9 se trata? En fin, es triste volver y no saber.<\/span><\/p>\n","protected":false},"excerpt":{"rendered":"<p>&nbsp; A todos ustedes, amigos lectores, un abrazo por su paciencia y solidaridad ante mi ausencia. &nbsp; Muy sonada y tr\u00e1gica result\u00f3 la operaci\u00f3n contra el huachicoleo para abatirle en un mes casi en un 90%, operaci\u00f3n que result\u00f3 medi\u00e1tica, dram\u00e1tica y se convirti\u00f3 en insignia de la lucha contra la corrupci\u00f3n por el gobierno [&hellip;]<\/p>\n","protected":false},"author":5,"featured_media":172,"comment_status":"closed","ping_status":"closed","sticky":false,"template":"","format":"standard","meta":{"footnotes":""},"categories":[21],"tags":[],"ppma_author":[38],"class_list":["post-11374","post","type-post","status-publish","format-standard","has-post-thumbnail","hentry","category-jose-luis-lopez-duarte"],"aioseo_notices":[],"authors":[{"term_id":38,"user_id":5,"is_guest":0,"slug":"jose-luis-lopez-duarte","display_name":"Jos\u00e9 Luis L\u00f3pez Duarte","avatar_url":{"url":"https:\/\/visionciudadana.com.mx\/oficial\/wp-content\/uploads\/2021\/03\/columna-joseluis.png","url2x":"https:\/\/visionciudadana.com.mx\/oficial\/wp-content\/uploads\/2021\/03\/columna-joseluis.png"},"0":null,"1":"","2":"","3":"","4":"","5":"","6":"","7":"","8":""}],"_links":{"self":[{"href":"https:\/\/visionciudadana.com.mx\/oficial\/wp-json\/wp\/v2\/posts\/11374","targetHints":{"allow":["GET"]}}],"collection":[{"href":"https:\/\/visionciudadana.com.mx\/oficial\/wp-json\/wp\/v2\/posts"}],"about":[{"href":"https:\/\/visionciudadana.com.mx\/oficial\/wp-json\/wp\/v2\/types\/post"}],"author":[{"embeddable":true,"href":"https:\/\/visionciudadana.com.mx\/oficial\/wp-json\/wp\/v2\/users\/5"}],"replies":[{"embeddable":true,"href":"https:\/\/visionciudadana.com.mx\/oficial\/wp-json\/wp\/v2\/comments?post=11374"}],"version-history":[{"count":1,"href":"https:\/\/visionciudadana.com.mx\/oficial\/wp-json\/wp\/v2\/posts\/11374\/revisions"}],"predecessor-version":[{"id":22777,"href":"https:\/\/visionciudadana.com.mx\/oficial\/wp-json\/wp\/v2\/posts\/11374\/revisions\/22777"}],"wp:featuredmedia":[{"embeddable":true,"href":"https:\/\/visionciudadana.com.mx\/oficial\/wp-json\/wp\/v2\/media\/172"}],"wp:attachment":[{"href":"https:\/\/visionciudadana.com.mx\/oficial\/wp-json\/wp\/v2\/media?parent=11374"}],"wp:term":[{"taxonomy":"category","embeddable":true,"href":"https:\/\/visionciudadana.com.mx\/oficial\/wp-json\/wp\/v2\/categories?post=11374"},{"taxonomy":"post_tag","embeddable":true,"href":"https:\/\/visionciudadana.com.mx\/oficial\/wp-json\/wp\/v2\/tags?post=11374"},{"taxonomy":"author","embeddable":true,"href":"https:\/\/visionciudadana.com.mx\/oficial\/wp-json\/wp\/v2\/ppma_author?post=11374"}],"curies":[{"name":"wp","href":"https:\/\/api.w.org\/{rel}","templated":true}]}}